{"id":324,"date":"2014-09-26T01:07:03","date_gmt":"2014-09-26T01:07:03","guid":{"rendered":"http:\/\/t-d-x.com.ar\/a\/?p=324"},"modified":"2014-10-08T00:34:36","modified_gmt":"2014-10-08T00:34:36","slug":"no-hay-escuela-en-su-nombre-sino-en-su-relacion","status":"publish","type":"post","link":"https:\/\/t-d-x.com.ar\/a\/no-hay-escuela-en-su-nombre-sino-en-su-relacion\/","title":{"rendered":"No hay escuela en su nombre sino en su relaci\u00f3n"},"content":{"rendered":"<p>Se suele empezar por los nombres, los nombres que designan. Quisiera probar un atajo. No es el nombre lo que despert\u00f3 mi atenci\u00f3n. Tal vez porque dec\u00eda demasiado. O pronunciaba una posici\u00f3n enf\u00e1ticamente. <i>\u00c9tica.<\/i><\/p>\n<p><i>Escuela Territorio Insurgencia Camino Andado<\/i>.<\/p>\n<p>Sabemos qu\u00e9 designa \u201cescuela\u201d, pero unida a \u201cterritorio\u201d es un enigma y empalmada con \u201cinsurgencia\u201d podr\u00eda arrimar un sentido que luego fuga cuando se une a \u201ccamino andado\u201d.<\/p>\n<p>No podr\u00eda situar un principio. \u00c9tica surge en el medio de una efervescencia situada. La escuela, \u00e9sta escuela, rompe lo que pareci\u00f3 ser el sino de las instituciones; un proyecto fundacional amasado por un aparato estatal que imaginaba los dispositivos que har\u00edan efectiva una vida social en com\u00fan.<\/p>\n<p>Villa Alberdi es un barrio perif\u00e9rico de Rosario. De esos extensos terrenos que tocan el coraz\u00f3n de los emprendimientos inmobiliarios que se llevan puestas malezas o moradas (da igual).<\/p>\n<p>En este caso y movida barrial mediante se logra frenar el plan de construcci\u00f3n de barrios privados en la zona, y se abre o profundiza un proceso  de construcci\u00f3n territorial.<\/p>\n<p>La escuela no es un hito fundacional, s\u00f3lo una experiencia m\u00e1s que se suma a otras tantas iniciativas \u2013un tambo, una radio, un centro de formaci\u00f3n digital- que dise\u00f1an un trazado de gesti\u00f3n social colectiva.<\/p>\n<p>La escuela devino. Devenir m\u00e1s que proceder. Devenir de un estado de lucha y experimentaci\u00f3n, devenir de una percepci\u00f3n que olfatea potencias de agrupamiento y experimentaci\u00f3n que toman la forma de \u201cescuela\u201d. Devenir sin la autor\u00eda de un \u00f3rgano trascendente y devenir porque no aspira a concluirse en formatos acabados.<\/p>\n<p>Entonces sin finalidad y en un movimiento incierto \u201cescuela\u201d es por ahora figura indeterminada. Escuela es aquello que hilvanado de un modo singular da a pensar.<\/p>\n<p>Decir escuela a secas parece no ser suficiente, aunque lo desmienta una historia que confirmar\u00eda que su s\u00f3lo nombre lo dice todo. Esta experiencia nos empuja a perforar un t\u00e9rmino con su pretensi\u00f3n de significaci\u00f3n para hilvanarlo con otros. No alcanza con decir \u201cescuela\u201d, es necesaria una inflexi\u00f3n enunciativa que exprese una forma de hacerla.<\/p>\n<p>Lo que se enuncia es lo que se vive y lo que se vive pide otros modos de nombrar. Por eso no se trata del nombre de una escuela, sino de una escuela dicha en un juego ling\u00fc\u00edstico que desaf\u00eda los c\u00e1nones de vida social y de la educaci\u00f3n formalizada. \u00c9tica, m\u00e1s que la declamaci\u00f3n de una nueva \u201cmoralidad\u201d, puede ser le\u00edda como el gesto que se afirma en la idea-experiencia de un <i>continuo.<\/i><\/p>\n<p>El gesto es aqu\u00ed la producci\u00f3n de un pensamiento que  enuncia  que la escuela  hace sentido en la medida en que permanece abierta a un mundo de relaciones. Escuela es territorio que a su vez no es espacio sino tiempo de rebeli\u00f3n que no es guerra sino camino que no es l\u00ednea sino proceso que transcurre movido por problemas que piden ser investigados.<\/p>\n<p>Que una palabra necesite de otras no subordinadas para componerse en un decir, implica una radicalizaci\u00f3n del lenguaje. Lenguaje nacido de experiencias y experiencias que hacen lenguaje. El lenguaje es lo que hace y no lo que significa. Que no alcance decir escuela para nombrar una experiencia sino que necesite asociarse con<i> territorio, insurgencia y camino andado<\/i>, da cuenta  que la escuela no es un t\u00e9rmino pleno (como no lo es ninguno).<\/p>\n<p>Sospecho que <i>territorio, insurgencia y camino andado<\/i> no son nombres  de identidad  sino balbuceos que toman el lenguaje accesible y af\u00edn a un sentir. Podr\u00edan mutar, podr\u00edan ser otros. Lo que se escucha, m\u00e1s que una declaraci\u00f3n ideol\u00f3gica colmada en una ret\u00f3rica del sentido,  es el gesto de  hacer estallar la interpretaci\u00f3n de un significante, cuya sola pronunciaci\u00f3n alcanzar\u00eda para  representarlo.<\/p>\n<p>&nbsp;<\/p>\n<p>La escuela es s\u00f3lo en relaci\u00f3n y esa relaci\u00f3n singular es lo que proporciona un juego de sentidos.<\/p>\n<p>Es de noche y la ciudad de Rosario en su epicentro urbano va quedando atr\u00e1s mientras nos aproximamos a su periferia. Cada vez m\u00e1s tenue, la iluminaci\u00f3n ahora depende de los faros del auto en el que nos dirigimos al barrio.<\/p>\n<p><i>Ustedes los porte\u00f1os le dicen villa, entre nosotros no suena bien. <\/i>Se refieren a ciertos enclaves pauperizados, construidos casi por prepotencia de vidas que no fueron alojadas en el dise\u00f1o modernizante de las ciudades.<\/p>\n<p>Intento conocer algo m\u00e1s de la experiencia, pero mis preguntas son fallidas volviendo el intercambio un lugar de cosas demasiada dichas que poco dicen. Hablan de <i>autogesti\u00f3n, ning\u00fan indicio de violencia ni deserci\u00f3n<\/i>\u2026.  Datos estrechos a preguntas clicheteadas.<\/p>\n<p>Llegamos a una \u201ccasa\u201d, precaria, sencilla,  situada en una calle escasamente alumbrada.<\/p>\n<p>Ingresamos por un pasillo lateral y por esa cosa loca de las im\u00e1genes que nos asaltan sin pedir permiso recuerdo el sitio en el que Rodolfo Walsh pas\u00f3 sus d\u00edas de clandestinidad.<\/p>\n<p>Los tiempos se confunden en mi cuerpo y lo que cre\u00eda pasado brota confusamente emocionado. No es la casa en su despojo y arquitectura m\u00ednima que se confunde en un vecindario austero, lo que me evoca la morada de Walsh, sino el mundo que se  afirma en una intimidad pol\u00edtica. El presente inventa el pasado dice Meschonnic. Nuevamente un continuo, una afectividad \u201ccombativa\u201d que ahora no combate pero guarda su impulso en el arrojo decidido de probar otros modos de existencia.<\/p>\n<p>Quienes gestan esta escuela se resisten a vivir separados de sus fuerzas y entonces las ponen a  prueba; haciendo tambo,  radio,  escuela; que es mucho m\u00e1s que una diversidad de unidades productivas, medi\u00e1ticas o escolares.<\/p>\n<p>En el patio trasero, una habitaci\u00f3n hace el \u201clugar\u201d de aula. Largas mesas improvisadas con tablones re\u00fanen a unos cuantos estudiantes de distintas edades. A la entrada un cochecito con un beb\u00e9 durmiendo extra\u00f1an la escena escolar. Miro a mi alrededor tratando de ubicar al docente. Cuando creo haberlo pescado, algo me dice que no lo era. Al frente un pizarr\u00f3n expone frases de geograf\u00eda. Nada muy distinto de lo que podr\u00edamos leer en cualquier escuela.<\/p>\n<p>Muy concentrados trabajan en sus carpetas, escriben, se consultan, se r\u00eden\u2026 no quieren salir al recreo: \u201cestamos trabajando\u201d, dice alguien justificando su decisi\u00f3n de permanecer ah\u00ed.<\/p>\n<p>El pizarr\u00f3n exhibe enunciados que describen el tiempo como una l\u00ednea y algunas otras apreciaciones que podr\u00edamos filiar en una concepci\u00f3n fragmentaria de la temporalidad.<\/p>\n<p>Algo pasa de espaldas al pizarr\u00f3n, en ese cuarto en el que se amuchan varios cuerpos.<\/p>\n<p><i>Estamos trabajando\u2026 no queremos salir al \u201crecreo<\/i>\u201d. Y entonces no importa tanto la materia -geograf\u00eda escolar- sino lo que se arma con materialidades afectivas que se activan. Circulan espesuras en esas relaciones que no se dejan leer a trav\u00e9s de c\u00f3digos de sentido.<\/p>\n<p>Algo se cuela de la letra escrita en la pizarra y arma texturas, intensidades, atm\u00f3sferas no formalizados que hacen a una temporalidad compartida y dif\u00edcil de clasificar.<\/p>\n<p>Las cosas no est\u00e1n \u201cescritas\u201d para ofrecernos un sentido, apenas est\u00e1n ah\u00ed para ser pensadas.<\/p>\n<p>La estanter\u00eda mental de la pedagog\u00eda cr\u00edtica se cae a pedazos. Creer en exceso en el \u201cmensaje\u201d, comprar la l\u00f3gica de la significaci\u00f3n se  presentan como los grandes obst\u00e1culos. Ya lo dec\u00eda Freud: <i>la verdad no aparece nunca donde se la espera y en caso de hablar desentona.<\/i><\/p>\n<p>Si me quedara presa de los textos escritos en la pizarra no ver\u00eda nada, si buscara en las fotocopias el sentido de esa pedagog\u00eda lejos muy lejos estar\u00eda de acercarme al valor de esa experiencia.<\/p>\n<p>Hay un lenguaje en otra parte. Me pregunto si la pedagog\u00eda como lenguaje se reduce a los supuestos significados de lo que se enuncia. \u00bfNo habr\u00eda un lenguaje en esos cuerpos agrupados en torno de alguna cosa que permanece oculta al entendimiento?<\/p>\n<p>Y entonces el pizarr\u00f3n, s\u00edmbolo de que hay escuela no es m\u00e1s que un artificio desimbolizado, que presta utilidades concretas. Ese cuarto que hace las veces de aula, no lo es por su pizarra, ni por las fotocopias distribuidas, ni por la presencia de un maestro o de alumnos, ni por los fragmentos escritos en el frente, ni por el acto de copiarlos. Lo que lo hace \u201cescuela\u201d es la atm\u00f3sfera, la concentraci\u00f3n,  la interlocuci\u00f3n,  la risa, las miradas perif\u00e9ricamente atentas.<\/p>\n<p>La escuela vive en un clima de intercambio y pregunta no formulada ret\u00f3ricamente. Hay pregunta en un estar que no deserta. Y hay escuela en la deserci\u00f3n de sus formas anquilosadas.<\/p>\n<p>Algunos datos que s\u00f3lo ayudan a componer el mapa, no m\u00e1s que eso: la decisiones se toman en asamblea, no hay directores y a pesar de no haber obtenido a\u00fan el reconocimiento oficial, nadie falta; ni maestros ni estudiantes. Hace m\u00e1s de cuatro a\u00f1os que esta escuela no registra ausencias. Casi cinco a\u00f1os de crecimiento.<\/p>\n<p>Me sigo preguntando \u00bfqu\u00e9 la hace escuela?<\/p>\n<p>No es la reverberancia de una imagen de educaci\u00f3n popular favorecida por esa intimidad aguerrida y una fraternidad que se respira entre j\u00f3venes profesores y heterog\u00e9neas generaciones de estudiantes. Lo que la hace escuela es que en el acto de repetirse  brota una diferencia. Volver uno y otro d\u00eda no es obligaci\u00f3n. Volver uno y otro d\u00eda no es dato menor. Y mucho menos cuando se vuelve o se habita una experiencia de pensamiento grupal y un modo abierto y problematizante  de funcionamiento. Lo que la hace escuela \u2013 singular- es su relaci\u00f3n con el tiempo. Escuela que inventa el tiempo, que lo hace experiencia eternamente \u201cpresente\u201d (no actual)  y no profec\u00eda desencarnada de un futuro que nunca llega.<\/p>\n<p>Lo que la hace escuela es la exigencia mutua de trabajar diariamente con materias vivas que vibran no en las an\u00e9cdotas o particularidades de sus habitantes sino en la vitalidad de una  existencia inacabada y en un modo de interrogaci\u00f3n que va esbozando un sentir com\u00fan que hace a una comunidad sin <i>atributos<\/i>, una comunidad por venir que no realiza un absoluto comunitario.<\/p>\n<p><i>En las escuelas de directores les preocupa lo que tenemos que saber, aqu\u00ed sabemos que somos capaces de saber<\/i>, dice Juancito cuando compartimos la presentaci\u00f3n del libro Des-armando escuelas, organizada por la \u00c9tica en Distrito VII, antiguo cine y hoy bar rosarino gestionado por Giros[ref]Giros; colectivo pol\u00edtico de Rosario  y vector convocante en la creaci\u00f3n de la escuela[\/ref].<\/p>\n<p>&nbsp;<\/p>\n<p>Volvamos al relato de la cotidianeidad de la escuela, retornemos a ese d\u00eda al que llegu\u00e9 casi azarosamente sin ning\u00fan proleg\u00f3meno organizativo\u2026 Al cabo de un rato salimos al patio y ese clima \u00edntimo se propaga ahora con m\u00e1s gente, otros profes, otros estudiantes. Hay algo en com\u00fan entre ellos.<\/p>\n<p>Entre el aula y el patio hay una puerta que los separa y sin embargo se trata de lo mismo. El recreo no es el cese del trabajo, no opera como distinci\u00f3n entre tiempo de descanso y tiempo de obligaci\u00f3n. Se trata m\u00e1s bien de momentos continuos, lo que los une es la \u201cverdad\u201d de lo que acontece  en un tiempo indistinto.<\/p>\n<p>Y esa verdad no es del orden del buen sentido, de lo que se opone a la mentira o a la falsedad. Esa verdad es lo que se distingue del simulacro. Esa verdad est\u00e1 dada por el problema que da consistencia a la experiencia de hacer escuela. La verdad es aqu\u00ed creaci\u00f3n de valor. Es verdad lo que tiene existencia o mejor lo que da forma nueva a la existencia social.<\/p>\n<p>Una de las compa\u00f1eras-estudiantes (como se llaman entre ellos) que ronda los 30 a\u00f1os me dice: <i>antes de venir ac\u00e1 no sab\u00eda pensar mis problemas. Estaba siempre nerviosa, cre\u00eda que lo que me pasaba era s\u00f3lo cosa de mi vida.<\/i><\/p>\n<p>Creaci\u00f3n de valor. En una de las salas est\u00e1n  discutiendo sobre la salud. Cada uno cuenta con una fotocopia en la que logro ver cuadros de doble entrada. Salud tecnocr\u00e1tica, neoliberal de un lado\u2026no alcanzo a distinguir qu\u00e9 dice del otro. Me llama la atenci\u00f3n un instante singular de la charla. Hasta el momento la cosa navegaba por los ejemplos que constatan una y otra vez la precariedad sanitaria extrema y la desmentida de tanta propaganda medi\u00e1tica, \u201cconcientizadora\u201d dirigida a las familias en pos de la higiene, vacunaci\u00f3n etc., mientras las aguas contaminadas y  la basura contaminante siguen poblando el  paisaje<\/p>\n<p><i>Esto que hacemos ac\u00e1, \u00e9sta escuela, \u00bfno es salud<\/i>?, acota una estudiante bastante mayor.<\/p>\n<p>&nbsp;<\/p>\n<p>Dicen que no es recomendable cerrar un texto con una frase de autor\u00eda ajena. No lo puedo evitar. Jean Luc Godard lo dice todo en el siguiente fragmento.<\/p>\n<p><i>\u00bfC\u00f3mo decir lo que pas\u00f3? \u00bfPor qu\u00e9 todos los signos que est\u00e1n entre nosotros terminan por hacerme dudar del lenguaje y me inundan de significaci\u00f3n ahogando lo real en lugar de liberarlo de lo imaginario?<\/i><\/p>\n<p>La \u00c9TICA no es una experiencia ejemplificadora<i>, <\/i>no es s\u00f3lo<i> una pol\u00edtica menor <\/i>que hace mundo, es tambi\u00e9n un golpe al coraz\u00f3n de un lenguaje que perdi\u00f3 el alma cuando se separ\u00f3 del cuerpo del sentir.<\/p>\n","protected":false},"excerpt":{"rendered":"<p>Se suele empezar por los nombres, los nombres que designan. Quisiera probar un atajo. No es el nombre lo que despert\u00f3 mi atenci\u00f3n. Tal vez porque dec\u00eda demasiado. O pronunciaba una posici\u00f3n enf\u00e1ticamente. \u00c9tica. Escuela Territorio Insurgencia Camino Andado. Sabemos qu\u00e9 designa \u201cescuela\u201d, pero unida a \u201cterritorio\u201d es un enigma y empalmada con \u201cinsurgencia\u201d podr\u00eda&#8230;  <a class=\"excerpt-read-more\" href=\"https:\/\/t-d-x.com.ar\/a\/no-hay-escuela-en-su-nombre-sino-en-su-relacion\/\" title=\"Read No hay escuela en su nombre sino en su relaci\u00f3n\">Read more &raquo;<\/a><\/p>\n","protected":false},"author":3,"featured_media":343,"comment_status":"closed","ping_status":"open","sticky":false,"template":"","format":"standard","meta":{"_acf_changed":false,"footnotes":""},"categories":[1],"tags":[],"class_list":["post-324","post","type-post","status-publish","format-standard","has-post-thumbnail","hentry","category-sin-categoria"],"acf":[],"yoast_head":"<!-- This site is optimized with the Yoast SEO plugin v27.4 - https:\/\/yoast.com\/product\/yoast-seo-wordpress\/ -->\n<title>No hay escuela en su nombre sino en su relaci\u00f3n - Tr\u00e1fico de experiencias<\/title>\n<meta name=\"robots\" content=\"index, follow, max-snippet:-1, max-image-preview:large, max-video-preview:-1\" \/>\n<link rel=\"canonical\" href=\"https:\/\/t-d-x.com.ar\/a\/no-hay-escuela-en-su-nombre-sino-en-su-relacion\/\" \/>\n<meta property=\"og:locale\" content=\"es_ES\" \/>\n<meta property=\"og:type\" content=\"article\" \/>\n<meta property=\"og:title\" content=\"No hay escuela en su nombre sino en su relaci\u00f3n - Tr\u00e1fico de experiencias\" \/>\n<meta property=\"og:description\" content=\"Se suele empezar por los nombres, los nombres que designan. Quisiera probar un atajo. No es el nombre lo que despert\u00f3 mi atenci\u00f3n. Tal vez porque dec\u00eda demasiado. O pronunciaba una posici\u00f3n enf\u00e1ticamente. \u00c9tica. Escuela Territorio Insurgencia Camino Andado. Sabemos qu\u00e9 designa \u201cescuela\u201d, pero unida a \u201cterritorio\u201d es un enigma y empalmada con \u201cinsurgencia\u201d podr\u00eda... Read more &raquo;\" \/>\n<meta property=\"og:url\" content=\"https:\/\/t-d-x.com.ar\/a\/no-hay-escuela-en-su-nombre-sino-en-su-relacion\/\" \/>\n<meta property=\"og:site_name\" content=\"Tr\u00e1fico de experiencias\" \/>\n<meta property=\"article:published_time\" content=\"2014-09-26T01:07:03+00:00\" \/>\n<meta property=\"article:modified_time\" content=\"2014-10-08T00:34:36+00:00\" \/>\n<meta property=\"og:image\" content=\"https:\/\/t-d-x.com.ar\/a\/wp-content\/uploads\/2014\/09\/encabezadoEtica2.jpg\" \/>\n\t<meta property=\"og:image:width\" content=\"1000\" \/>\n\t<meta property=\"og:image:height\" content=\"338\" \/>\n\t<meta property=\"og:image:type\" content=\"image\/jpeg\" \/>\n<meta name=\"author\" content=\"Silvia Duschatzky\" \/>\n<meta name=\"twitter:label1\" content=\"Escrito por\" \/>\n\t<meta name=\"twitter:data1\" content=\"Silvia Duschatzky\" \/>\n\t<meta name=\"twitter:label2\" content=\"Tiempo de lectura\" \/>\n\t<meta name=\"twitter:data2\" content=\"11 minutos\" \/>\n<script type=\"application\/ld+json\" class=\"yoast-schema-graph\">{\"@context\":\"https:\\\/\\\/schema.org\",\"@graph\":[{\"@type\":\"Article\",\"@id\":\"https:\\\/\\\/t-d-x.com.ar\\\/a\\\/no-hay-escuela-en-su-nombre-sino-en-su-relacion\\\/#article\",\"isPartOf\":{\"@id\":\"https:\\\/\\\/t-d-x.com.ar\\\/a\\\/no-hay-escuela-en-su-nombre-sino-en-su-relacion\\\/\"},\"author\":{\"name\":\"Silvia Duschatzky\",\"@id\":\"http:\\\/\\\/t-d-x.com.ar\\\/a\\\/#\\\/schema\\\/person\\\/d96d113b02db927672c33a4e636d1f7b\"},\"headline\":\"No hay escuela en su nombre sino en su relaci\u00f3n\",\"datePublished\":\"2014-09-26T01:07:03+00:00\",\"dateModified\":\"2014-10-08T00:34:36+00:00\",\"mainEntityOfPage\":{\"@id\":\"https:\\\/\\\/t-d-x.com.ar\\\/a\\\/no-hay-escuela-en-su-nombre-sino-en-su-relacion\\\/\"},\"wordCount\":2279,\"publisher\":{\"@id\":\"http:\\\/\\\/t-d-x.com.ar\\\/a\\\/#organization\"},\"image\":{\"@id\":\"https:\\\/\\\/t-d-x.com.ar\\\/a\\\/no-hay-escuela-en-su-nombre-sino-en-su-relacion\\\/#primaryimage\"},\"thumbnailUrl\":\"https:\\\/\\\/t-d-x.com.ar\\\/a\\\/wp-content\\\/uploads\\\/2014\\\/09\\\/encabezadoEtica2.jpg\",\"inLanguage\":\"es\"},{\"@type\":\"WebPage\",\"@id\":\"https:\\\/\\\/t-d-x.com.ar\\\/a\\\/no-hay-escuela-en-su-nombre-sino-en-su-relacion\\\/\",\"url\":\"https:\\\/\\\/t-d-x.com.ar\\\/a\\\/no-hay-escuela-en-su-nombre-sino-en-su-relacion\\\/\",\"name\":\"No hay escuela en su nombre sino en su relaci\u00f3n - Tr\u00e1fico de experiencias\",\"isPartOf\":{\"@id\":\"http:\\\/\\\/t-d-x.com.ar\\\/a\\\/#website\"},\"primaryImageOfPage\":{\"@id\":\"https:\\\/\\\/t-d-x.com.ar\\\/a\\\/no-hay-escuela-en-su-nombre-sino-en-su-relacion\\\/#primaryimage\"},\"image\":{\"@id\":\"https:\\\/\\\/t-d-x.com.ar\\\/a\\\/no-hay-escuela-en-su-nombre-sino-en-su-relacion\\\/#primaryimage\"},\"thumbnailUrl\":\"https:\\\/\\\/t-d-x.com.ar\\\/a\\\/wp-content\\\/uploads\\\/2014\\\/09\\\/encabezadoEtica2.jpg\",\"datePublished\":\"2014-09-26T01:07:03+00:00\",\"dateModified\":\"2014-10-08T00:34:36+00:00\",\"breadcrumb\":{\"@id\":\"https:\\\/\\\/t-d-x.com.ar\\\/a\\\/no-hay-escuela-en-su-nombre-sino-en-su-relacion\\\/#breadcrumb\"},\"inLanguage\":\"es\",\"potentialAction\":[{\"@type\":\"ReadAction\",\"target\":[\"https:\\\/\\\/t-d-x.com.ar\\\/a\\\/no-hay-escuela-en-su-nombre-sino-en-su-relacion\\\/\"]}]},{\"@type\":\"ImageObject\",\"inLanguage\":\"es\",\"@id\":\"https:\\\/\\\/t-d-x.com.ar\\\/a\\\/no-hay-escuela-en-su-nombre-sino-en-su-relacion\\\/#primaryimage\",\"url\":\"https:\\\/\\\/t-d-x.com.ar\\\/a\\\/wp-content\\\/uploads\\\/2014\\\/09\\\/encabezadoEtica2.jpg\",\"contentUrl\":\"https:\\\/\\\/t-d-x.com.ar\\\/a\\\/wp-content\\\/uploads\\\/2014\\\/09\\\/encabezadoEtica2.jpg\",\"width\":1000,\"height\":338,\"caption\":\"imagen por Brian Dettmer\"},{\"@type\":\"BreadcrumbList\",\"@id\":\"https:\\\/\\\/t-d-x.com.ar\\\/a\\\/no-hay-escuela-en-su-nombre-sino-en-su-relacion\\\/#breadcrumb\",\"itemListElement\":[{\"@type\":\"ListItem\",\"position\":1,\"name\":\"Portada\",\"item\":\"http:\\\/\\\/t-d-x.com.ar\\\/a\\\/\"},{\"@type\":\"ListItem\",\"position\":2,\"name\":\"No hay escuela en su nombre sino en su relaci\u00f3n\"}]},{\"@type\":\"WebSite\",\"@id\":\"http:\\\/\\\/t-d-x.com.ar\\\/a\\\/#website\",\"url\":\"http:\\\/\\\/t-d-x.com.ar\\\/a\\\/\",\"name\":\"Tr\u00e1fico de experiencias\",\"description\":\"\",\"publisher\":{\"@id\":\"http:\\\/\\\/t-d-x.com.ar\\\/a\\\/#organization\"},\"potentialAction\":[{\"@type\":\"SearchAction\",\"target\":{\"@type\":\"EntryPoint\",\"urlTemplate\":\"http:\\\/\\\/t-d-x.com.ar\\\/a\\\/?s={search_term_string}\"},\"query-input\":{\"@type\":\"PropertyValueSpecification\",\"valueRequired\":true,\"valueName\":\"search_term_string\"}}],\"inLanguage\":\"es\"},{\"@type\":\"Organization\",\"@id\":\"http:\\\/\\\/t-d-x.com.ar\\\/a\\\/#organization\",\"name\":\"Tr\u00e1fico de experiencias\",\"url\":\"http:\\\/\\\/t-d-x.com.ar\\\/a\\\/\",\"logo\":{\"@type\":\"ImageObject\",\"inLanguage\":\"es\",\"@id\":\"http:\\\/\\\/t-d-x.com.ar\\\/a\\\/#\\\/schema\\\/logo\\\/image\\\/\",\"url\":\"http:\\\/\\\/t-d-x.com.ar\\\/a\\\/wp-content\\\/uploads\\\/2014\\\/03\\\/cropped-logo1g.png\",\"contentUrl\":\"http:\\\/\\\/t-d-x.com.ar\\\/a\\\/wp-content\\\/uploads\\\/2014\\\/03\\\/cropped-logo1g.png\",\"width\":1260,\"height\":150,\"caption\":\"Tr\u00e1fico de experiencias\"},\"image\":{\"@id\":\"http:\\\/\\\/t-d-x.com.ar\\\/a\\\/#\\\/schema\\\/logo\\\/image\\\/\"},\"sameAs\":[\"https:\\\/\\\/www.instagram.com\\\/gestioneducativaflacso\"]},{\"@type\":\"Person\",\"@id\":\"http:\\\/\\\/t-d-x.com.ar\\\/a\\\/#\\\/schema\\\/person\\\/d96d113b02db927672c33a4e636d1f7b\",\"name\":\"Silvia Duschatzky\",\"image\":{\"@type\":\"ImageObject\",\"inLanguage\":\"es\",\"@id\":\"https:\\\/\\\/secure.gravatar.com\\\/avatar\\\/d7534159c3e441901dc3cba428ae944def598a3f76752d948be7b6d6d753b809?s=96&d=mm&r=g\",\"url\":\"https:\\\/\\\/secure.gravatar.com\\\/avatar\\\/d7534159c3e441901dc3cba428ae944def598a3f76752d948be7b6d6d753b809?s=96&d=mm&r=g\",\"contentUrl\":\"https:\\\/\\\/secure.gravatar.com\\\/avatar\\\/d7534159c3e441901dc3cba428ae944def598a3f76752d948be7b6d6d753b809?s=96&d=mm&r=g\",\"caption\":\"Silvia Duschatzky\"},\"description\":\"Coordinadora del Diploma en Gesti\u00f3n Educativa de FLACSO Argentina, mag\u00edster en Sociolog\u00eda de la cultura e investigadora en problem\u00e1ticas escolares y en pr\u00e1cticas sociales aleda\u00f1as.\",\"url\":\"https:\\\/\\\/t-d-x.com.ar\\\/a\\\/author\\\/sd\\\/\"}]}<\/script>\n<!-- \/ Yoast SEO plugin. -->","yoast_head_json":{"title":"No hay escuela en su nombre sino en su relaci\u00f3n - Tr\u00e1fico de experiencias","robots":{"index":"index","follow":"follow","max-snippet":"max-snippet:-1","max-image-preview":"max-image-preview:large","max-video-preview":"max-video-preview:-1"},"canonical":"https:\/\/t-d-x.com.ar\/a\/no-hay-escuela-en-su-nombre-sino-en-su-relacion\/","og_locale":"es_ES","og_type":"article","og_title":"No hay escuela en su nombre sino en su relaci\u00f3n - Tr\u00e1fico de experiencias","og_description":"Se suele empezar por los nombres, los nombres que designan. Quisiera probar un atajo. No es el nombre lo que despert\u00f3 mi atenci\u00f3n. Tal vez porque dec\u00eda demasiado. O pronunciaba una posici\u00f3n enf\u00e1ticamente. \u00c9tica. Escuela Territorio Insurgencia Camino Andado. Sabemos qu\u00e9 designa \u201cescuela\u201d, pero unida a \u201cterritorio\u201d es un enigma y empalmada con \u201cinsurgencia\u201d podr\u00eda... Read more &raquo;","og_url":"https:\/\/t-d-x.com.ar\/a\/no-hay-escuela-en-su-nombre-sino-en-su-relacion\/","og_site_name":"Tr\u00e1fico de experiencias","article_published_time":"2014-09-26T01:07:03+00:00","article_modified_time":"2014-10-08T00:34:36+00:00","og_image":[{"width":1000,"height":338,"url":"https:\/\/t-d-x.com.ar\/a\/wp-content\/uploads\/2014\/09\/encabezadoEtica2.jpg","type":"image\/jpeg"}],"author":"Silvia Duschatzky","twitter_misc":{"Escrito por":"Silvia Duschatzky","Tiempo de lectura":"11 minutos"},"schema":{"@context":"https:\/\/schema.org","@graph":[{"@type":"Article","@id":"https:\/\/t-d-x.com.ar\/a\/no-hay-escuela-en-su-nombre-sino-en-su-relacion\/#article","isPartOf":{"@id":"https:\/\/t-d-x.com.ar\/a\/no-hay-escuela-en-su-nombre-sino-en-su-relacion\/"},"author":{"name":"Silvia Duschatzky","@id":"http:\/\/t-d-x.com.ar\/a\/#\/schema\/person\/d96d113b02db927672c33a4e636d1f7b"},"headline":"No hay escuela en su nombre sino en su relaci\u00f3n","datePublished":"2014-09-26T01:07:03+00:00","dateModified":"2014-10-08T00:34:36+00:00","mainEntityOfPage":{"@id":"https:\/\/t-d-x.com.ar\/a\/no-hay-escuela-en-su-nombre-sino-en-su-relacion\/"},"wordCount":2279,"publisher":{"@id":"http:\/\/t-d-x.com.ar\/a\/#organization"},"image":{"@id":"https:\/\/t-d-x.com.ar\/a\/no-hay-escuela-en-su-nombre-sino-en-su-relacion\/#primaryimage"},"thumbnailUrl":"https:\/\/t-d-x.com.ar\/a\/wp-content\/uploads\/2014\/09\/encabezadoEtica2.jpg","inLanguage":"es"},{"@type":"WebPage","@id":"https:\/\/t-d-x.com.ar\/a\/no-hay-escuela-en-su-nombre-sino-en-su-relacion\/","url":"https:\/\/t-d-x.com.ar\/a\/no-hay-escuela-en-su-nombre-sino-en-su-relacion\/","name":"No hay escuela en su nombre sino en su relaci\u00f3n - Tr\u00e1fico de experiencias","isPartOf":{"@id":"http:\/\/t-d-x.com.ar\/a\/#website"},"primaryImageOfPage":{"@id":"https:\/\/t-d-x.com.ar\/a\/no-hay-escuela-en-su-nombre-sino-en-su-relacion\/#primaryimage"},"image":{"@id":"https:\/\/t-d-x.com.ar\/a\/no-hay-escuela-en-su-nombre-sino-en-su-relacion\/#primaryimage"},"thumbnailUrl":"https:\/\/t-d-x.com.ar\/a\/wp-content\/uploads\/2014\/09\/encabezadoEtica2.jpg","datePublished":"2014-09-26T01:07:03+00:00","dateModified":"2014-10-08T00:34:36+00:00","breadcrumb":{"@id":"https:\/\/t-d-x.com.ar\/a\/no-hay-escuela-en-su-nombre-sino-en-su-relacion\/#breadcrumb"},"inLanguage":"es","potentialAction":[{"@type":"ReadAction","target":["https:\/\/t-d-x.com.ar\/a\/no-hay-escuela-en-su-nombre-sino-en-su-relacion\/"]}]},{"@type":"ImageObject","inLanguage":"es","@id":"https:\/\/t-d-x.com.ar\/a\/no-hay-escuela-en-su-nombre-sino-en-su-relacion\/#primaryimage","url":"https:\/\/t-d-x.com.ar\/a\/wp-content\/uploads\/2014\/09\/encabezadoEtica2.jpg","contentUrl":"https:\/\/t-d-x.com.ar\/a\/wp-content\/uploads\/2014\/09\/encabezadoEtica2.jpg","width":1000,"height":338,"caption":"imagen por Brian Dettmer"},{"@type":"BreadcrumbList","@id":"https:\/\/t-d-x.com.ar\/a\/no-hay-escuela-en-su-nombre-sino-en-su-relacion\/#breadcrumb","itemListElement":[{"@type":"ListItem","position":1,"name":"Portada","item":"http:\/\/t-d-x.com.ar\/a\/"},{"@type":"ListItem","position":2,"name":"No hay escuela en su nombre sino en su relaci\u00f3n"}]},{"@type":"WebSite","@id":"http:\/\/t-d-x.com.ar\/a\/#website","url":"http:\/\/t-d-x.com.ar\/a\/","name":"Tr\u00e1fico de experiencias","description":"","publisher":{"@id":"http:\/\/t-d-x.com.ar\/a\/#organization"},"potentialAction":[{"@type":"SearchAction","target":{"@type":"EntryPoint","urlTemplate":"http:\/\/t-d-x.com.ar\/a\/?s={search_term_string}"},"query-input":{"@type":"PropertyValueSpecification","valueRequired":true,"valueName":"search_term_string"}}],"inLanguage":"es"},{"@type":"Organization","@id":"http:\/\/t-d-x.com.ar\/a\/#organization","name":"Tr\u00e1fico de experiencias","url":"http:\/\/t-d-x.com.ar\/a\/","logo":{"@type":"ImageObject","inLanguage":"es","@id":"http:\/\/t-d-x.com.ar\/a\/#\/schema\/logo\/image\/","url":"http:\/\/t-d-x.com.ar\/a\/wp-content\/uploads\/2014\/03\/cropped-logo1g.png","contentUrl":"http:\/\/t-d-x.com.ar\/a\/wp-content\/uploads\/2014\/03\/cropped-logo1g.png","width":1260,"height":150,"caption":"Tr\u00e1fico de experiencias"},"image":{"@id":"http:\/\/t-d-x.com.ar\/a\/#\/schema\/logo\/image\/"},"sameAs":["https:\/\/www.instagram.com\/gestioneducativaflacso"]},{"@type":"Person","@id":"http:\/\/t-d-x.com.ar\/a\/#\/schema\/person\/d96d113b02db927672c33a4e636d1f7b","name":"Silvia Duschatzky","image":{"@type":"ImageObject","inLanguage":"es","@id":"https:\/\/secure.gravatar.com\/avatar\/d7534159c3e441901dc3cba428ae944def598a3f76752d948be7b6d6d753b809?s=96&d=mm&r=g","url":"https:\/\/secure.gravatar.com\/avatar\/d7534159c3e441901dc3cba428ae944def598a3f76752d948be7b6d6d753b809?s=96&d=mm&r=g","contentUrl":"https:\/\/secure.gravatar.com\/avatar\/d7534159c3e441901dc3cba428ae944def598a3f76752d948be7b6d6d753b809?s=96&d=mm&r=g","caption":"Silvia Duschatzky"},"description":"Coordinadora del Diploma en Gesti\u00f3n Educativa de FLACSO Argentina, mag\u00edster en Sociolog\u00eda de la cultura e investigadora en problem\u00e1ticas escolares y en pr\u00e1cticas sociales aleda\u00f1as.","url":"https:\/\/t-d-x.com.ar\/a\/author\/sd\/"}]}},"_links":{"self":[{"href":"https:\/\/t-d-x.com.ar\/a\/wp-json\/wp\/v2\/posts\/324","targetHints":{"allow":["GET"]}}],"collection":[{"href":"https:\/\/t-d-x.com.ar\/a\/wp-json\/wp\/v2\/posts"}],"about":[{"href":"https:\/\/t-d-x.com.ar\/a\/wp-json\/wp\/v2\/types\/post"}],"author":[{"embeddable":true,"href":"https:\/\/t-d-x.com.ar\/a\/wp-json\/wp\/v2\/users\/3"}],"replies":[{"embeddable":true,"href":"https:\/\/t-d-x.com.ar\/a\/wp-json\/wp\/v2\/comments?post=324"}],"version-history":[{"count":0,"href":"https:\/\/t-d-x.com.ar\/a\/wp-json\/wp\/v2\/posts\/324\/revisions"}],"wp:featuredmedia":[{"embeddable":true,"href":"https:\/\/t-d-x.com.ar\/a\/wp-json\/wp\/v2\/media\/343"}],"wp:attachment":[{"href":"https:\/\/t-d-x.com.ar\/a\/wp-json\/wp\/v2\/media?parent=324"}],"wp:term":[{"taxonomy":"category","embeddable":true,"href":"https:\/\/t-d-x.com.ar\/a\/wp-json\/wp\/v2\/categories?post=324"},{"taxonomy":"post_tag","embeddable":true,"href":"https:\/\/t-d-x.com.ar\/a\/wp-json\/wp\/v2\/tags?post=324"}],"curies":[{"name":"wp","href":"https:\/\/api.w.org\/{rel}","templated":true}]}}