{"id":287,"date":"2014-09-07T23:17:51","date_gmt":"2014-09-07T23:17:51","guid":{"rendered":"http:\/\/t-d-x.com.ar\/a\/?p=287"},"modified":"2014-10-08T00:08:39","modified_gmt":"2014-10-08T00:08:39","slug":"composiciones","status":"publish","type":"post","link":"https:\/\/t-d-x.com.ar\/a\/composiciones\/","title":{"rendered":"Composiciones"},"content":{"rendered":"<p>Componer, como acto, tiene muchas implicancias. \u00bfC\u00f3mo se componen las escenas y los v\u00ednculos contempor\u00e1neos, en estos tiempos l\u00edquidos, a veces gaseosos? Componer es un poner, pero que incluye necesariamente un con, es decir un otro. Componer deber\u00eda suponer tambi\u00e9n que cada cual viene con sus dados o caracter\u00edsticas (quedando as\u00ed descartado el a\u00f1oro por que lo otro sea como uno quisiera), y que por un momento se entrecruzan, podemos imaginarnos que se funden (mant\u00e9niendose como identidades pero al mismo tiempo alter\u00e1ndose) y crean algo nuevo, en conjunto. Bel\u00e9n y Pablo, por ejemplo, compusieron encuentros, dentro y fuera del Envi\u00f3n. Un poco (o todo?) de cada uno se puso en juego en determinados momentos. Y cada vez que algo pasaba (y cuando me refiero a algo digo una experiencia, no un cualquier cosa) una huella iba quedando&#8230; Lo mismo ocurri\u00f3 con los pibes corineros y los \u201cprofes\u201d, en cada pata del programa. \u00bfComposici\u00f3n y experiencia van de la mano? \u00bfPodr\u00edamos pensar tal vez que ambas se entrelazan para crear situaci\u00f3n?<\/p>\n<p>Lo que pasa en El Envi\u00f3n parece una suerte de situaci\u00f3n paracaid\u00edstica, donde los pibes y los \u201cprofes\u201d, caen, en un mismo tiempo, en un mismo lugar, y se encuentran; en este caso nucleados por un dispositivo estatal. Los motivos para estar ah\u00ed pueden ser muchos, pero lo cierto es que el encuentro se da. \u00bfQu\u00e9 caracter\u00edsticas podr\u00e1 tener ese encuentro si se piensa como un momento, como una posibilidad de composici\u00f3n? Muchas veces el lugar en donde nos encontramos, o el otro con el que nos encontramos, nos asaltan, nos agarran por sorpresa. Si, como pas\u00f3 en El Envi\u00f3n, nos desafiamos a ver qu\u00e9 onda, ver qu\u00e9 pasa, entonces el problema tal vez no ser\u00eda el otro. En palabras de Clara Cardinal, ser\u00eda el territorio com\u00fan lo que armar\u00eda problema. Y ah\u00ed tal vez podr\u00eda estar la punta de lo que pas\u00f3 en Villa Corina. \u00bfAcaso no es el problematizar una oportunidad de movilizar(se) positivamente, desafiar(se), crecer en riqueza de experiencias?<\/p>\n<p>Y si cada encuentro es un momento \u00fanico, tal vez irrepetible: \u00bfC\u00f3mo nombrarlos? Tal vez la pista est\u00e9 en lo que pinta de cada encuentro y la predispoici\u00f3n. Como si pudi\u00e9ramos hacer gaseosas nuestras investiduras, y permitir conjugarnos con algo del otro. Componer y Conjugar. Poner y jugar con. El juego con el otro y con la realidad que nos convoca tambi\u00e9n habilita a jugar con los nombres y las palabras. Hacerlas tambi\u00e9n a ellas gaseosas. Por ejemplo, entre una escuela de Bariloche y el barrio en el que se ubica, se componen situaciones que me gusta llamar Escuarios. Momentos donde es dif\u00edcil distinguir donde empieza el barrio y donde la escuela. Momentos imprevistos, caprichosos, en alg\u00fan sentido tambi\u00e9n atemporales. Que vienen y van. Pueden ser pibes de 12 a\u00f1os con un profe tomando mate y charlando en la direcci\u00f3n, o alg\u00fan c\u00e1ntico de hinchada barrial retumbando en las paredes de 4\u00b0 grado. A veces el escuarrio aparece en un recreo, torneo de ping pong de por medio. Secuencias donde los l\u00edmites se vuelven difusos y entonces entramos en terreno de lo nuevo: lo desconocido. Jugar el juego de crear con los pibes, m\u00e1s all\u00e1 del tama\u00f1o del guardapolvo. Como una invitaci\u00f3n a conjugar nuevas experiencias (y nombres) dentro del aula, por los pasillos, incluso en la parada del bondi.<\/p>\n<p>\u00bfC\u00f3mo se componen experiencias significativas donde se aceptan los dados, de la escuela, del barrio, de los profes, de los pibes, de programas como el Envi\u00f3n? \u00bfQu\u00e9 caracter\u00edsticas o atributos podr\u00edan favorecer la composici\u00f3n?<\/p>\n","protected":false},"excerpt":{"rendered":"<p>Componer, como acto, tiene muchas implicancias. \u00bfC\u00f3mo se componen las escenas y los v\u00ednculos contempor\u00e1neos, en estos tiempos l\u00edquidos, a veces gaseosos? Componer es un poner, pero que incluye necesariamente un con, es decir un otro. Componer deber\u00eda suponer tambi\u00e9n que cada cual viene con sus dados o caracter\u00edsticas (quedando as\u00ed descartado el a\u00f1oro por&#8230;  <a class=\"excerpt-read-more\" href=\"https:\/\/t-d-x.com.ar\/a\/composiciones\/\" title=\"Read Composiciones\">Read more &raquo;<\/a><\/p>\n","protected":false},"author":7,"featured_media":339,"comment_status":"closed","ping_status":"open","sticky":false,"template":"","format":"standard","meta":{"_acf_changed":false,"footnotes":""},"categories":[1],"tags":[],"class_list":["post-287","post","type-post","status-publish","format-standard","has-post-thumbnail","hentry","category-sin-categoria"],"acf":[],"yoast_head":"<!-- This site is optimized with the Yoast SEO plugin v27.4 - https:\/\/yoast.com\/product\/yoast-seo-wordpress\/ -->\n<title>Composiciones - Tr\u00e1fico de experiencias<\/title>\n<meta name=\"robots\" content=\"index, follow, max-snippet:-1, max-image-preview:large, max-video-preview:-1\" \/>\n<link rel=\"canonical\" href=\"https:\/\/t-d-x.com.ar\/a\/composiciones\/\" \/>\n<meta property=\"og:locale\" content=\"es_ES\" \/>\n<meta property=\"og:type\" content=\"article\" \/>\n<meta property=\"og:title\" content=\"Composiciones - Tr\u00e1fico de experiencias\" \/>\n<meta property=\"og:description\" content=\"Componer, como acto, tiene muchas implicancias. \u00bfC\u00f3mo se componen las escenas y los v\u00ednculos contempor\u00e1neos, en estos tiempos l\u00edquidos, a veces gaseosos? Componer es un poner, pero que incluye necesariamente un con, es decir un otro. Componer deber\u00eda suponer tambi\u00e9n que cada cual viene con sus dados o caracter\u00edsticas (quedando as\u00ed descartado el a\u00f1oro por... Read more &raquo;\" \/>\n<meta property=\"og:url\" content=\"https:\/\/t-d-x.com.ar\/a\/composiciones\/\" \/>\n<meta property=\"og:site_name\" content=\"Tr\u00e1fico de experiencias\" \/>\n<meta property=\"article:published_time\" content=\"2014-09-07T23:17:51+00:00\" \/>\n<meta property=\"article:modified_time\" content=\"2014-10-08T00:08:39+00:00\" \/>\n<meta property=\"og:image\" content=\"https:\/\/t-d-x.com.ar\/a\/wp-content\/uploads\/2014\/09\/encabezadoEnvion2.jpg\" \/>\n\t<meta property=\"og:image:width\" content=\"1000\" \/>\n\t<meta property=\"og:image:height\" content=\"338\" \/>\n\t<meta property=\"og:image:type\" content=\"image\/jpeg\" \/>\n<meta name=\"author\" content=\"Dan Andelman\" \/>\n<meta name=\"twitter:label1\" content=\"Escrito por\" \/>\n\t<meta name=\"twitter:data1\" content=\"Dan Andelman\" \/>\n\t<meta name=\"twitter:label2\" content=\"Tiempo de lectura\" \/>\n\t<meta name=\"twitter:data2\" content=\"3 minutos\" \/>\n<script type=\"application\/ld+json\" class=\"yoast-schema-graph\">{\"@context\":\"https:\\\/\\\/schema.org\",\"@graph\":[{\"@type\":\"Article\",\"@id\":\"https:\\\/\\\/t-d-x.com.ar\\\/a\\\/composiciones\\\/#article\",\"isPartOf\":{\"@id\":\"https:\\\/\\\/t-d-x.com.ar\\\/a\\\/composiciones\\\/\"},\"author\":{\"name\":\"Dan Andelman\",\"@id\":\"https:\\\/\\\/t-d-x.com.ar\\\/a\\\/#\\\/schema\\\/person\\\/c8f7446f97d19af3fd11836e32d326be\"},\"headline\":\"Composiciones\",\"datePublished\":\"2014-09-07T23:17:51+00:00\",\"dateModified\":\"2014-10-08T00:08:39+00:00\",\"mainEntityOfPage\":{\"@id\":\"https:\\\/\\\/t-d-x.com.ar\\\/a\\\/composiciones\\\/\"},\"wordCount\":634,\"publisher\":{\"@id\":\"https:\\\/\\\/t-d-x.com.ar\\\/a\\\/#organization\"},\"image\":{\"@id\":\"https:\\\/\\\/t-d-x.com.ar\\\/a\\\/composiciones\\\/#primaryimage\"},\"thumbnailUrl\":\"https:\\\/\\\/t-d-x.com.ar\\\/a\\\/wp-content\\\/uploads\\\/2014\\\/09\\\/encabezadoEnvion2.jpg\",\"inLanguage\":\"es\"},{\"@type\":\"WebPage\",\"@id\":\"https:\\\/\\\/t-d-x.com.ar\\\/a\\\/composiciones\\\/\",\"url\":\"https:\\\/\\\/t-d-x.com.ar\\\/a\\\/composiciones\\\/\",\"name\":\"Composiciones - Tr\u00e1fico de experiencias\",\"isPartOf\":{\"@id\":\"https:\\\/\\\/t-d-x.com.ar\\\/a\\\/#website\"},\"primaryImageOfPage\":{\"@id\":\"https:\\\/\\\/t-d-x.com.ar\\\/a\\\/composiciones\\\/#primaryimage\"},\"image\":{\"@id\":\"https:\\\/\\\/t-d-x.com.ar\\\/a\\\/composiciones\\\/#primaryimage\"},\"thumbnailUrl\":\"https:\\\/\\\/t-d-x.com.ar\\\/a\\\/wp-content\\\/uploads\\\/2014\\\/09\\\/encabezadoEnvion2.jpg\",\"datePublished\":\"2014-09-07T23:17:51+00:00\",\"dateModified\":\"2014-10-08T00:08:39+00:00\",\"breadcrumb\":{\"@id\":\"https:\\\/\\\/t-d-x.com.ar\\\/a\\\/composiciones\\\/#breadcrumb\"},\"inLanguage\":\"es\",\"potentialAction\":[{\"@type\":\"ReadAction\",\"target\":[\"https:\\\/\\\/t-d-x.com.ar\\\/a\\\/composiciones\\\/\"]}]},{\"@type\":\"ImageObject\",\"inLanguage\":\"es\",\"@id\":\"https:\\\/\\\/t-d-x.com.ar\\\/a\\\/composiciones\\\/#primaryimage\",\"url\":\"https:\\\/\\\/t-d-x.com.ar\\\/a\\\/wp-content\\\/uploads\\\/2014\\\/09\\\/encabezadoEnvion2.jpg\",\"contentUrl\":\"https:\\\/\\\/t-d-x.com.ar\\\/a\\\/wp-content\\\/uploads\\\/2014\\\/09\\\/encabezadoEnvion2.jpg\",\"width\":1000,\"height\":338,\"caption\":\"imagen del Animalario Universal\"},{\"@type\":\"BreadcrumbList\",\"@id\":\"https:\\\/\\\/t-d-x.com.ar\\\/a\\\/composiciones\\\/#breadcrumb\",\"itemListElement\":[{\"@type\":\"ListItem\",\"position\":1,\"name\":\"Portada\",\"item\":\"https:\\\/\\\/t-d-x.com.ar\\\/a\\\/\"},{\"@type\":\"ListItem\",\"position\":2,\"name\":\"Composiciones\"}]},{\"@type\":\"WebSite\",\"@id\":\"https:\\\/\\\/t-d-x.com.ar\\\/a\\\/#website\",\"url\":\"https:\\\/\\\/t-d-x.com.ar\\\/a\\\/\",\"name\":\"Tr\u00e1fico de experiencias\",\"description\":\"\",\"publisher\":{\"@id\":\"https:\\\/\\\/t-d-x.com.ar\\\/a\\\/#organization\"},\"potentialAction\":[{\"@type\":\"SearchAction\",\"target\":{\"@type\":\"EntryPoint\",\"urlTemplate\":\"https:\\\/\\\/t-d-x.com.ar\\\/a\\\/?s={search_term_string}\"},\"query-input\":{\"@type\":\"PropertyValueSpecification\",\"valueRequired\":true,\"valueName\":\"search_term_string\"}}],\"inLanguage\":\"es\"},{\"@type\":\"Organization\",\"@id\":\"https:\\\/\\\/t-d-x.com.ar\\\/a\\\/#organization\",\"name\":\"Tr\u00e1fico de experiencias\",\"url\":\"https:\\\/\\\/t-d-x.com.ar\\\/a\\\/\",\"logo\":{\"@type\":\"ImageObject\",\"inLanguage\":\"es\",\"@id\":\"https:\\\/\\\/t-d-x.com.ar\\\/a\\\/#\\\/schema\\\/logo\\\/image\\\/\",\"url\":\"http:\\\/\\\/t-d-x.com.ar\\\/a\\\/wp-content\\\/uploads\\\/2014\\\/03\\\/cropped-logo1g.png\",\"contentUrl\":\"http:\\\/\\\/t-d-x.com.ar\\\/a\\\/wp-content\\\/uploads\\\/2014\\\/03\\\/cropped-logo1g.png\",\"width\":1260,\"height\":150,\"caption\":\"Tr\u00e1fico de experiencias\"},\"image\":{\"@id\":\"https:\\\/\\\/t-d-x.com.ar\\\/a\\\/#\\\/schema\\\/logo\\\/image\\\/\"},\"sameAs\":[\"https:\\\/\\\/www.instagram.com\\\/gestioneducativaflacso\"]},{\"@type\":\"Person\",\"@id\":\"https:\\\/\\\/t-d-x.com.ar\\\/a\\\/#\\\/schema\\\/person\\\/c8f7446f97d19af3fd11836e32d326be\",\"name\":\"Dan Andelman\",\"image\":{\"@type\":\"ImageObject\",\"inLanguage\":\"es\",\"@id\":\"https:\\\/\\\/secure.gravatar.com\\\/avatar\\\/2f45b77b33951b954c5fb2ee0c9fa7f876c9e2adbd5488ea43292915d89a34f3?s=96&d=mm&r=g\",\"url\":\"https:\\\/\\\/secure.gravatar.com\\\/avatar\\\/2f45b77b33951b954c5fb2ee0c9fa7f876c9e2adbd5488ea43292915d89a34f3?s=96&d=mm&r=g\",\"contentUrl\":\"https:\\\/\\\/secure.gravatar.com\\\/avatar\\\/2f45b77b33951b954c5fb2ee0c9fa7f876c9e2adbd5488ea43292915d89a34f3?s=96&d=mm&r=g\",\"caption\":\"Dan Andelman\"},\"description\":\"Prof. y Lic. en Educaci\u00f3n Inicial, Maestro de la Escuela Primaria Virgen Misionera. Diplomado en Gesti\u00f3n Educativa, FLACSO Argentina.\",\"sameAs\":[\"http:\\\/\\\/piltri82@gmail.com\"],\"url\":\"https:\\\/\\\/t-d-x.com.ar\\\/a\\\/author\\\/da\\\/\"}]}<\/script>\n<!-- \/ Yoast SEO plugin. -->","yoast_head_json":{"title":"Composiciones - Tr\u00e1fico de experiencias","robots":{"index":"index","follow":"follow","max-snippet":"max-snippet:-1","max-image-preview":"max-image-preview:large","max-video-preview":"max-video-preview:-1"},"canonical":"https:\/\/t-d-x.com.ar\/a\/composiciones\/","og_locale":"es_ES","og_type":"article","og_title":"Composiciones - Tr\u00e1fico de experiencias","og_description":"Componer, como acto, tiene muchas implicancias. \u00bfC\u00f3mo se componen las escenas y los v\u00ednculos contempor\u00e1neos, en estos tiempos l\u00edquidos, a veces gaseosos? Componer es un poner, pero que incluye necesariamente un con, es decir un otro. Componer deber\u00eda suponer tambi\u00e9n que cada cual viene con sus dados o caracter\u00edsticas (quedando as\u00ed descartado el a\u00f1oro por... Read more &raquo;","og_url":"https:\/\/t-d-x.com.ar\/a\/composiciones\/","og_site_name":"Tr\u00e1fico de experiencias","article_published_time":"2014-09-07T23:17:51+00:00","article_modified_time":"2014-10-08T00:08:39+00:00","og_image":[{"width":1000,"height":338,"url":"https:\/\/t-d-x.com.ar\/a\/wp-content\/uploads\/2014\/09\/encabezadoEnvion2.jpg","type":"image\/jpeg"}],"author":"Dan Andelman","twitter_misc":{"Escrito por":"Dan Andelman","Tiempo de lectura":"3 minutos"},"schema":{"@context":"https:\/\/schema.org","@graph":[{"@type":"Article","@id":"https:\/\/t-d-x.com.ar\/a\/composiciones\/#article","isPartOf":{"@id":"https:\/\/t-d-x.com.ar\/a\/composiciones\/"},"author":{"name":"Dan Andelman","@id":"https:\/\/t-d-x.com.ar\/a\/#\/schema\/person\/c8f7446f97d19af3fd11836e32d326be"},"headline":"Composiciones","datePublished":"2014-09-07T23:17:51+00:00","dateModified":"2014-10-08T00:08:39+00:00","mainEntityOfPage":{"@id":"https:\/\/t-d-x.com.ar\/a\/composiciones\/"},"wordCount":634,"publisher":{"@id":"https:\/\/t-d-x.com.ar\/a\/#organization"},"image":{"@id":"https:\/\/t-d-x.com.ar\/a\/composiciones\/#primaryimage"},"thumbnailUrl":"https:\/\/t-d-x.com.ar\/a\/wp-content\/uploads\/2014\/09\/encabezadoEnvion2.jpg","inLanguage":"es"},{"@type":"WebPage","@id":"https:\/\/t-d-x.com.ar\/a\/composiciones\/","url":"https:\/\/t-d-x.com.ar\/a\/composiciones\/","name":"Composiciones - Tr\u00e1fico de experiencias","isPartOf":{"@id":"https:\/\/t-d-x.com.ar\/a\/#website"},"primaryImageOfPage":{"@id":"https:\/\/t-d-x.com.ar\/a\/composiciones\/#primaryimage"},"image":{"@id":"https:\/\/t-d-x.com.ar\/a\/composiciones\/#primaryimage"},"thumbnailUrl":"https:\/\/t-d-x.com.ar\/a\/wp-content\/uploads\/2014\/09\/encabezadoEnvion2.jpg","datePublished":"2014-09-07T23:17:51+00:00","dateModified":"2014-10-08T00:08:39+00:00","breadcrumb":{"@id":"https:\/\/t-d-x.com.ar\/a\/composiciones\/#breadcrumb"},"inLanguage":"es","potentialAction":[{"@type":"ReadAction","target":["https:\/\/t-d-x.com.ar\/a\/composiciones\/"]}]},{"@type":"ImageObject","inLanguage":"es","@id":"https:\/\/t-d-x.com.ar\/a\/composiciones\/#primaryimage","url":"https:\/\/t-d-x.com.ar\/a\/wp-content\/uploads\/2014\/09\/encabezadoEnvion2.jpg","contentUrl":"https:\/\/t-d-x.com.ar\/a\/wp-content\/uploads\/2014\/09\/encabezadoEnvion2.jpg","width":1000,"height":338,"caption":"imagen del Animalario Universal"},{"@type":"BreadcrumbList","@id":"https:\/\/t-d-x.com.ar\/a\/composiciones\/#breadcrumb","itemListElement":[{"@type":"ListItem","position":1,"name":"Portada","item":"https:\/\/t-d-x.com.ar\/a\/"},{"@type":"ListItem","position":2,"name":"Composiciones"}]},{"@type":"WebSite","@id":"https:\/\/t-d-x.com.ar\/a\/#website","url":"https:\/\/t-d-x.com.ar\/a\/","name":"Tr\u00e1fico de experiencias","description":"","publisher":{"@id":"https:\/\/t-d-x.com.ar\/a\/#organization"},"potentialAction":[{"@type":"SearchAction","target":{"@type":"EntryPoint","urlTemplate":"https:\/\/t-d-x.com.ar\/a\/?s={search_term_string}"},"query-input":{"@type":"PropertyValueSpecification","valueRequired":true,"valueName":"search_term_string"}}],"inLanguage":"es"},{"@type":"Organization","@id":"https:\/\/t-d-x.com.ar\/a\/#organization","name":"Tr\u00e1fico de experiencias","url":"https:\/\/t-d-x.com.ar\/a\/","logo":{"@type":"ImageObject","inLanguage":"es","@id":"https:\/\/t-d-x.com.ar\/a\/#\/schema\/logo\/image\/","url":"http:\/\/t-d-x.com.ar\/a\/wp-content\/uploads\/2014\/03\/cropped-logo1g.png","contentUrl":"http:\/\/t-d-x.com.ar\/a\/wp-content\/uploads\/2014\/03\/cropped-logo1g.png","width":1260,"height":150,"caption":"Tr\u00e1fico de experiencias"},"image":{"@id":"https:\/\/t-d-x.com.ar\/a\/#\/schema\/logo\/image\/"},"sameAs":["https:\/\/www.instagram.com\/gestioneducativaflacso"]},{"@type":"Person","@id":"https:\/\/t-d-x.com.ar\/a\/#\/schema\/person\/c8f7446f97d19af3fd11836e32d326be","name":"Dan Andelman","image":{"@type":"ImageObject","inLanguage":"es","@id":"https:\/\/secure.gravatar.com\/avatar\/2f45b77b33951b954c5fb2ee0c9fa7f876c9e2adbd5488ea43292915d89a34f3?s=96&d=mm&r=g","url":"https:\/\/secure.gravatar.com\/avatar\/2f45b77b33951b954c5fb2ee0c9fa7f876c9e2adbd5488ea43292915d89a34f3?s=96&d=mm&r=g","contentUrl":"https:\/\/secure.gravatar.com\/avatar\/2f45b77b33951b954c5fb2ee0c9fa7f876c9e2adbd5488ea43292915d89a34f3?s=96&d=mm&r=g","caption":"Dan Andelman"},"description":"Prof. y Lic. en Educaci\u00f3n Inicial, Maestro de la Escuela Primaria Virgen Misionera. Diplomado en Gesti\u00f3n Educativa, FLACSO Argentina.","sameAs":["http:\/\/piltri82@gmail.com"],"url":"https:\/\/t-d-x.com.ar\/a\/author\/da\/"}]}},"_links":{"self":[{"href":"https:\/\/t-d-x.com.ar\/a\/wp-json\/wp\/v2\/posts\/287","targetHints":{"allow":["GET"]}}],"collection":[{"href":"https:\/\/t-d-x.com.ar\/a\/wp-json\/wp\/v2\/posts"}],"about":[{"href":"https:\/\/t-d-x.com.ar\/a\/wp-json\/wp\/v2\/types\/post"}],"author":[{"embeddable":true,"href":"https:\/\/t-d-x.com.ar\/a\/wp-json\/wp\/v2\/users\/7"}],"replies":[{"embeddable":true,"href":"https:\/\/t-d-x.com.ar\/a\/wp-json\/wp\/v2\/comments?post=287"}],"version-history":[{"count":0,"href":"https:\/\/t-d-x.com.ar\/a\/wp-json\/wp\/v2\/posts\/287\/revisions"}],"wp:featuredmedia":[{"embeddable":true,"href":"https:\/\/t-d-x.com.ar\/a\/wp-json\/wp\/v2\/media\/339"}],"wp:attachment":[{"href":"https:\/\/t-d-x.com.ar\/a\/wp-json\/wp\/v2\/media?parent=287"}],"wp:term":[{"taxonomy":"category","embeddable":true,"href":"https:\/\/t-d-x.com.ar\/a\/wp-json\/wp\/v2\/categories?post=287"},{"taxonomy":"post_tag","embeddable":true,"href":"https:\/\/t-d-x.com.ar\/a\/wp-json\/wp\/v2\/tags?post=287"}],"curies":[{"name":"wp","href":"https:\/\/api.w.org\/{rel}","templated":true}]}}