{"id":97,"date":"2014-03-28T22:25:14","date_gmt":"2014-03-28T22:25:14","guid":{"rendered":"http:\/\/t-d-x.com.ar\/a\/?p=97"},"modified":"2014-05-05T23:50:35","modified_gmt":"2014-05-05T23:50:35","slug":"simpatia-sonora","status":"publish","type":"post","link":"http:\/\/t-d-x.com.ar\/a\/simpatia-sonora\/","title":{"rendered":"Simpat\u00eda sonora"},"content":{"rendered":"<p>Como docentes solemos tener  im\u00e1genes de c\u00f3mo somos (qu\u00e9 nos sale, que no&#8230;) de lo que queremos ser, de lo que deber\u00edamos ser (el rol).  Federico dice: \u00a8<i>\u00bfYo soy m\u00fasica? \u00bfSoy un ente que es m\u00fasica?<\/i> Con estas preguntas apunta al centro del asunto: \u00bfCu\u00e1l es nuestra relaci\u00f3n con la materialidad de lo  que acercamos a los pibes? \u00bfDe qu\u00e9 manera esto  constituye una identidad fija (el profe de&#8230;) o un conjunto de rasgos m\u00f3viles o pl\u00e1sticos? Mercado formula una pregunta clave: \u00a8<i>\u00bfC\u00f3mo hac\u00e9s vos para que eso que haces se emparente con la experiencia de vida de los chicos y pase a ser significativo?\u00a8<\/i> No hay forma de que algo le toque a los pibes sin que nos toque a nosotros. Su pregunta, creo, va la par de otras: \u00bfQu\u00e9 me pasa a m\u00ed con \u00a8la m\u00fasica\u00a8? \u00bfQu\u00e9  cosas puedo yo con \u00a8la m\u00fasica\u00a8?<\/p>\n<p>\u00a8<i>Yo soy el profe de m\u00fasica pero tambi\u00e9n puedo ser otras cosas<\/i>\u00a8 dice Federico. \u00bfPodemos ser muchas cosas a la vez?  \u00bfPodemos ser cosas que  ni siquiera nosotros sabemos? \u00bfY  hay espacio para todo eso en el aula?<\/p>\n<p>En esta entrevista veo una manera muy interesante de transitar lo que se nos presenta como dado. Por ejemplo: la curr\u00edcula suele transformarse en ese fantasma que nos persigue durante todo el a\u00f1o (\u00a8esto no lo hiciste\u00a8, \u00a8todav\u00eda  queda todo esto para dar\u00a8,<br \/>\n\u00a8dejaste afuera tal o cual cosa\u00a8). Efectivamente, y por m\u00e1s obvio que resulte,  los programas, las planificaciones y todo aquello que hacemos con los contenidos es efecto de las decisiones que tomamos. Pero sobre todo, de las operaciones de lectura que realizamos.  En un momento de la entrevista, Federico cuenta lo valioso que resulto para \u00e9l y para los pibes la participaci\u00f3n como ensamble en un encuentro entre varias escuelas. \u00bfC\u00f3mo llegamos hasta aqu\u00ed?  Menciona Mercado: \u00a8<i>Es muy dif\u00edcil que vos hagas algo que quede afuera. Entonces, el respeto a la diversidad cultural ya estaba ah\u00ed; hacer experiencias musicales, est\u00e1. <\/i><i>La parte iniciaci\u00f3n musical dice  que los chicos tienen que participar de experiencias musicales<\/i>.\u00a8 Lo que aparece dicho en la curr\u00edcula no es le\u00eddo como una prescripci\u00f3n o una obligaci\u00f3n. La posibilidad de participar de una actividad de este tipo, con todo lo que esto implica en t\u00e9rminos de gesti\u00f3n y permisos, es efecto de haber  le\u00eddo all\u00ed una oportunidad valiosa de intercambio con otros pibes, de apertura de la escuela hacia otros \u00e1mbitos. Lo que en otra ocasi\u00f3n podr\u00eda haber sido le\u00eddo como imperativo de salida, carga o responsabilidad cambi\u00f3 completamente de sentido.<\/p>\n<p>El espacio tampoco se presenta aqu\u00ed como un l\u00edmite. El aula o el taller del centro cultural no est\u00e1n pensados como espacios delimitados de antemano. \u00bfQui\u00e9n podr\u00eda garantizar a priori lo que en el formato aula o taller puede llegar a suceder? M\u00e1s all\u00e1 de esto, creo que el foco est\u00e1 puesto en este ir y venir, este deambular entre un espacio y otro. M\u00e1s que pensarlos como terminales, concebirlos como nodos. Lo complejo y lo m\u00e1s interesante para investigar est\u00e1 en el flujo de estos intercambios y en la circulaci\u00f3n que habilitan: cuerpos, instrumentos, melod\u00edas, toques, que van y vienen.<\/p>\n<p>Esta entrevista tambi\u00e9n me hace pensar en la escucha. \u00bfQu\u00e9 implica escuchar a los pibes? Hay una cantinela escolar, que  resuena de fondo pero que de tan sabida ya casi ni le prestamos atenci\u00f3n. Lo que decimos, lo que los pibes nos responden arma un tejido ya conocido, sin texturas. Los pibes, dice Federico \u00a8<i>Te dicen lo que vos quer\u00e9s escuchar<\/i>.\u201d \u00a8<i>Pon\u00e9s un mont\u00f3n de expectativas, y esas expectativas se vuelven autoritarias. Porque est\u00e1s esperando que el pibe haga, responda, hable y piense como a vos te parece bien que \u00e9l lo haga.\u00a8<\/i>  Por esto: \u00a8<i>Si vos no le pregunt\u00e1s a los chicos historias, no te las cuentan. \u00bfPor qu\u00e9 te las van a contar? \u00bfQu\u00e9 piensan que a vos te va a importar eso?\u00a8<\/i>  Ante estas preguntas Federico lanza una propuesta: \u00a8<i>Hay que preguntarles a ellos. Preguntarles no literalmente, ir viendo para d\u00f3nde van.\u201d <\/i>Desde la mirada de Mercado, la escucha ser\u00eda algo mucho m\u00e1s complejo, que de entrada involucrar\u00eda varios sentidos y tambi\u00e9n un arrojo, un salir a la b\u00fasqueda de otros signos que se nos pueden presentar  m\u00e1s inciertos, menos predecibles. En este sentido menciona: \u00a8<i>Jugar a la pelota, treparse, correr, cagarse a trompadas, pelearse, bailar cumbia, murga, que te caguen a palos tus viejos. Est\u00e1 todo en el cuerpo. Est\u00e1 todo puesto en el cuerpo. Entonces, ese cuerpo tiene una habilidad que hace que cuando vos le das a un pibe un tambor, lo toca. Por lo que escuch\u00f3, por lo que vio\u00a8. <\/i><\/p>\n<p>Lo que hace a un docente, m\u00e1s que lo que sabe, es la posibilidad de  <i>estar atento<\/i>, tener una \u00a8simpat\u00eda sonora\u00a8 con lo que se presenta.<\/p>\n<p>La entrevista a Federico me lleva a mirar la escuela como un paisaje distinto: hecho de flujos m\u00e1s que de formas y de lugares, que atraviesa los cuerpos y tiene diferentes ritmos y  velocidades.<\/p>\n","protected":false},"excerpt":{"rendered":"<p>Como docentes solemos tener im\u00e1genes de c\u00f3mo somos (qu\u00e9 nos sale, que no&#8230;) de lo que queremos ser, de lo que deber\u00edamos ser (el rol). Federico dice: \u00a8\u00bfYo soy m\u00fasica? \u00bfSoy un ente que es m\u00fasica? Con estas preguntas apunta al centro del asunto: \u00bfCu\u00e1l es nuestra relaci\u00f3n con la materialidad de lo que acercamos&#8230;  <a class=\"excerpt-read-more\" href=\"http:\/\/t-d-x.com.ar\/a\/simpatia-sonora\/\" title=\"Read Simpat\u00eda sonora\">Read more &raquo;<\/a><\/p>\n","protected":false},"author":9,"featured_media":210,"comment_status":"closed","ping_status":"open","sticky":false,"template":"","format":"standard","meta":{"_acf_changed":false,"footnotes":""},"categories":[1],"tags":[],"class_list":["post-97","post","type-post","status-publish","format-standard","has-post-thumbnail","hentry","category-sin-categoria"],"acf":[],"yoast_head":"<!-- This site is optimized with the Yoast SEO plugin v27.4 - https:\/\/yoast.com\/product\/yoast-seo-wordpress\/ -->\n<title>Simpat\u00eda sonora - Tr\u00e1fico de experiencias<\/title>\n<meta name=\"robots\" content=\"index, follow, max-snippet:-1, max-image-preview:large, max-video-preview:-1\" \/>\n<link rel=\"canonical\" href=\"http:\/\/t-d-x.com.ar\/a\/simpatia-sonora\/\" \/>\n<meta property=\"og:locale\" content=\"es_ES\" \/>\n<meta property=\"og:type\" content=\"article\" \/>\n<meta property=\"og:title\" content=\"Simpat\u00eda sonora - Tr\u00e1fico de experiencias\" \/>\n<meta property=\"og:description\" content=\"Como docentes solemos tener im\u00e1genes de c\u00f3mo somos (qu\u00e9 nos sale, que no&#8230;) de lo que queremos ser, de lo que deber\u00edamos ser (el rol). Federico dice: \u00a8\u00bfYo soy m\u00fasica? \u00bfSoy un ente que es m\u00fasica? Con estas preguntas apunta al centro del asunto: \u00bfCu\u00e1l es nuestra relaci\u00f3n con la materialidad de lo que acercamos... Read more &raquo;\" \/>\n<meta property=\"og:url\" content=\"http:\/\/t-d-x.com.ar\/a\/simpatia-sonora\/\" \/>\n<meta property=\"og:site_name\" content=\"Tr\u00e1fico de experiencias\" \/>\n<meta property=\"article:published_time\" content=\"2014-03-28T22:25:14+00:00\" \/>\n<meta property=\"article:modified_time\" content=\"2014-05-05T23:50:35+00:00\" \/>\n<meta property=\"og:image\" content=\"http:\/\/t-d-x.com.ar\/a\/wp-content\/uploads\/2014\/03\/autoritario2.jpg\" \/>\n\t<meta property=\"og:image:width\" content=\"1000\" \/>\n\t<meta property=\"og:image:height\" content=\"338\" \/>\n\t<meta property=\"og:image:type\" content=\"image\/jpeg\" \/>\n<meta name=\"author\" content=\"Clara Cardinal\" \/>\n<meta name=\"twitter:label1\" content=\"Escrito por\" \/>\n\t<meta name=\"twitter:data1\" content=\"Clara Cardinal\" \/>\n\t<meta name=\"twitter:label2\" content=\"Tiempo de lectura\" \/>\n\t<meta name=\"twitter:data2\" content=\"4 minutos\" \/>\n<script type=\"application\/ld+json\" class=\"yoast-schema-graph\">{\"@context\":\"https:\\\/\\\/schema.org\",\"@graph\":[{\"@type\":\"Article\",\"@id\":\"http:\\\/\\\/t-d-x.com.ar\\\/a\\\/simpatia-sonora\\\/#article\",\"isPartOf\":{\"@id\":\"http:\\\/\\\/t-d-x.com.ar\\\/a\\\/simpatia-sonora\\\/\"},\"author\":{\"name\":\"Clara Cardinal\",\"@id\":\"https:\\\/\\\/t-d-x.com.ar\\\/a\\\/#\\\/schema\\\/person\\\/166b6664621c65d9755a8a49fa7f051d\"},\"headline\":\"Simpat\u00eda sonora\",\"datePublished\":\"2014-03-28T22:25:14+00:00\",\"dateModified\":\"2014-05-05T23:50:35+00:00\",\"mainEntityOfPage\":{\"@id\":\"http:\\\/\\\/t-d-x.com.ar\\\/a\\\/simpatia-sonora\\\/\"},\"wordCount\":890,\"publisher\":{\"@id\":\"https:\\\/\\\/t-d-x.com.ar\\\/a\\\/#organization\"},\"image\":{\"@id\":\"http:\\\/\\\/t-d-x.com.ar\\\/a\\\/simpatia-sonora\\\/#primaryimage\"},\"thumbnailUrl\":\"http:\\\/\\\/t-d-x.com.ar\\\/a\\\/wp-content\\\/uploads\\\/2014\\\/03\\\/autoritario2.jpg\",\"inLanguage\":\"es\"},{\"@type\":\"WebPage\",\"@id\":\"http:\\\/\\\/t-d-x.com.ar\\\/a\\\/simpatia-sonora\\\/\",\"url\":\"http:\\\/\\\/t-d-x.com.ar\\\/a\\\/simpatia-sonora\\\/\",\"name\":\"Simpat\u00eda sonora - Tr\u00e1fico de experiencias\",\"isPartOf\":{\"@id\":\"https:\\\/\\\/t-d-x.com.ar\\\/a\\\/#website\"},\"primaryImageOfPage\":{\"@id\":\"http:\\\/\\\/t-d-x.com.ar\\\/a\\\/simpatia-sonora\\\/#primaryimage\"},\"image\":{\"@id\":\"http:\\\/\\\/t-d-x.com.ar\\\/a\\\/simpatia-sonora\\\/#primaryimage\"},\"thumbnailUrl\":\"http:\\\/\\\/t-d-x.com.ar\\\/a\\\/wp-content\\\/uploads\\\/2014\\\/03\\\/autoritario2.jpg\",\"datePublished\":\"2014-03-28T22:25:14+00:00\",\"dateModified\":\"2014-05-05T23:50:35+00:00\",\"breadcrumb\":{\"@id\":\"http:\\\/\\\/t-d-x.com.ar\\\/a\\\/simpatia-sonora\\\/#breadcrumb\"},\"inLanguage\":\"es\",\"potentialAction\":[{\"@type\":\"ReadAction\",\"target\":[\"http:\\\/\\\/t-d-x.com.ar\\\/a\\\/simpatia-sonora\\\/\"]}]},{\"@type\":\"ImageObject\",\"inLanguage\":\"es\",\"@id\":\"http:\\\/\\\/t-d-x.com.ar\\\/a\\\/simpatia-sonora\\\/#primaryimage\",\"url\":\"http:\\\/\\\/t-d-x.com.ar\\\/a\\\/wp-content\\\/uploads\\\/2014\\\/03\\\/autoritario2.jpg\",\"contentUrl\":\"http:\\\/\\\/t-d-x.com.ar\\\/a\\\/wp-content\\\/uploads\\\/2014\\\/03\\\/autoritario2.jpg\",\"width\":1000,\"height\":338,\"caption\":\"imagen por Eva Kot\u00e1tkov\u00e1\"},{\"@type\":\"BreadcrumbList\",\"@id\":\"http:\\\/\\\/t-d-x.com.ar\\\/a\\\/simpatia-sonora\\\/#breadcrumb\",\"itemListElement\":[{\"@type\":\"ListItem\",\"position\":1,\"name\":\"Portada\",\"item\":\"https:\\\/\\\/t-d-x.com.ar\\\/a\\\/\"},{\"@type\":\"ListItem\",\"position\":2,\"name\":\"Simpat\u00eda sonora\"}]},{\"@type\":\"WebSite\",\"@id\":\"https:\\\/\\\/t-d-x.com.ar\\\/a\\\/#website\",\"url\":\"https:\\\/\\\/t-d-x.com.ar\\\/a\\\/\",\"name\":\"Tr\u00e1fico de experiencias\",\"description\":\"\",\"publisher\":{\"@id\":\"https:\\\/\\\/t-d-x.com.ar\\\/a\\\/#organization\"},\"potentialAction\":[{\"@type\":\"SearchAction\",\"target\":{\"@type\":\"EntryPoint\",\"urlTemplate\":\"https:\\\/\\\/t-d-x.com.ar\\\/a\\\/?s={search_term_string}\"},\"query-input\":{\"@type\":\"PropertyValueSpecification\",\"valueRequired\":true,\"valueName\":\"search_term_string\"}}],\"inLanguage\":\"es\"},{\"@type\":\"Organization\",\"@id\":\"https:\\\/\\\/t-d-x.com.ar\\\/a\\\/#organization\",\"name\":\"Tr\u00e1fico de experiencias\",\"url\":\"https:\\\/\\\/t-d-x.com.ar\\\/a\\\/\",\"logo\":{\"@type\":\"ImageObject\",\"inLanguage\":\"es\",\"@id\":\"https:\\\/\\\/t-d-x.com.ar\\\/a\\\/#\\\/schema\\\/logo\\\/image\\\/\",\"url\":\"http:\\\/\\\/t-d-x.com.ar\\\/a\\\/wp-content\\\/uploads\\\/2014\\\/03\\\/cropped-logo1g.png\",\"contentUrl\":\"http:\\\/\\\/t-d-x.com.ar\\\/a\\\/wp-content\\\/uploads\\\/2014\\\/03\\\/cropped-logo1g.png\",\"width\":1260,\"height\":150,\"caption\":\"Tr\u00e1fico de experiencias\"},\"image\":{\"@id\":\"https:\\\/\\\/t-d-x.com.ar\\\/a\\\/#\\\/schema\\\/logo\\\/image\\\/\"},\"sameAs\":[\"https:\\\/\\\/www.instagram.com\\\/gestioneducativaflacso\"]},{\"@type\":\"Person\",\"@id\":\"https:\\\/\\\/t-d-x.com.ar\\\/a\\\/#\\\/schema\\\/person\\\/166b6664621c65d9755a8a49fa7f051d\",\"name\":\"Clara Cardinal\",\"image\":{\"@type\":\"ImageObject\",\"inLanguage\":\"es\",\"@id\":\"https:\\\/\\\/secure.gravatar.com\\\/avatar\\\/74a43f5a2491b706609180d3059d0b4269b25d859801497ec0d248fe75f37ac4?s=96&d=mm&r=g\",\"url\":\"https:\\\/\\\/secure.gravatar.com\\\/avatar\\\/74a43f5a2491b706609180d3059d0b4269b25d859801497ec0d248fe75f37ac4?s=96&d=mm&r=g\",\"contentUrl\":\"https:\\\/\\\/secure.gravatar.com\\\/avatar\\\/74a43f5a2491b706609180d3059d0b4269b25d859801497ec0d248fe75f37ac4?s=96&d=mm&r=g\",\"caption\":\"Clara Cardinal\"},\"description\":\"Prof. de Historia y actriz. Miembro del equipo del Diploma en Gesti\u00f3n educativa y de la Especializaci\u00f3n en Gesti\u00f3n educativa de FLACO Argentina.\",\"url\":\"http:\\\/\\\/t-d-x.com.ar\\\/a\\\/author\\\/cc\\\/\"}]}<\/script>\n<!-- \/ Yoast SEO plugin. -->","yoast_head_json":{"title":"Simpat\u00eda sonora - Tr\u00e1fico de experiencias","robots":{"index":"index","follow":"follow","max-snippet":"max-snippet:-1","max-image-preview":"max-image-preview:large","max-video-preview":"max-video-preview:-1"},"canonical":"http:\/\/t-d-x.com.ar\/a\/simpatia-sonora\/","og_locale":"es_ES","og_type":"article","og_title":"Simpat\u00eda sonora - Tr\u00e1fico de experiencias","og_description":"Como docentes solemos tener im\u00e1genes de c\u00f3mo somos (qu\u00e9 nos sale, que no&#8230;) de lo que queremos ser, de lo que deber\u00edamos ser (el rol). Federico dice: \u00a8\u00bfYo soy m\u00fasica? \u00bfSoy un ente que es m\u00fasica? Con estas preguntas apunta al centro del asunto: \u00bfCu\u00e1l es nuestra relaci\u00f3n con la materialidad de lo que acercamos... Read more &raquo;","og_url":"http:\/\/t-d-x.com.ar\/a\/simpatia-sonora\/","og_site_name":"Tr\u00e1fico de experiencias","article_published_time":"2014-03-28T22:25:14+00:00","article_modified_time":"2014-05-05T23:50:35+00:00","og_image":[{"width":1000,"height":338,"url":"http:\/\/t-d-x.com.ar\/a\/wp-content\/uploads\/2014\/03\/autoritario2.jpg","type":"image\/jpeg"}],"author":"Clara Cardinal","twitter_misc":{"Escrito por":"Clara Cardinal","Tiempo de lectura":"4 minutos"},"schema":{"@context":"https:\/\/schema.org","@graph":[{"@type":"Article","@id":"http:\/\/t-d-x.com.ar\/a\/simpatia-sonora\/#article","isPartOf":{"@id":"http:\/\/t-d-x.com.ar\/a\/simpatia-sonora\/"},"author":{"name":"Clara Cardinal","@id":"https:\/\/t-d-x.com.ar\/a\/#\/schema\/person\/166b6664621c65d9755a8a49fa7f051d"},"headline":"Simpat\u00eda sonora","datePublished":"2014-03-28T22:25:14+00:00","dateModified":"2014-05-05T23:50:35+00:00","mainEntityOfPage":{"@id":"http:\/\/t-d-x.com.ar\/a\/simpatia-sonora\/"},"wordCount":890,"publisher":{"@id":"https:\/\/t-d-x.com.ar\/a\/#organization"},"image":{"@id":"http:\/\/t-d-x.com.ar\/a\/simpatia-sonora\/#primaryimage"},"thumbnailUrl":"http:\/\/t-d-x.com.ar\/a\/wp-content\/uploads\/2014\/03\/autoritario2.jpg","inLanguage":"es"},{"@type":"WebPage","@id":"http:\/\/t-d-x.com.ar\/a\/simpatia-sonora\/","url":"http:\/\/t-d-x.com.ar\/a\/simpatia-sonora\/","name":"Simpat\u00eda sonora - Tr\u00e1fico de experiencias","isPartOf":{"@id":"https:\/\/t-d-x.com.ar\/a\/#website"},"primaryImageOfPage":{"@id":"http:\/\/t-d-x.com.ar\/a\/simpatia-sonora\/#primaryimage"},"image":{"@id":"http:\/\/t-d-x.com.ar\/a\/simpatia-sonora\/#primaryimage"},"thumbnailUrl":"http:\/\/t-d-x.com.ar\/a\/wp-content\/uploads\/2014\/03\/autoritario2.jpg","datePublished":"2014-03-28T22:25:14+00:00","dateModified":"2014-05-05T23:50:35+00:00","breadcrumb":{"@id":"http:\/\/t-d-x.com.ar\/a\/simpatia-sonora\/#breadcrumb"},"inLanguage":"es","potentialAction":[{"@type":"ReadAction","target":["http:\/\/t-d-x.com.ar\/a\/simpatia-sonora\/"]}]},{"@type":"ImageObject","inLanguage":"es","@id":"http:\/\/t-d-x.com.ar\/a\/simpatia-sonora\/#primaryimage","url":"http:\/\/t-d-x.com.ar\/a\/wp-content\/uploads\/2014\/03\/autoritario2.jpg","contentUrl":"http:\/\/t-d-x.com.ar\/a\/wp-content\/uploads\/2014\/03\/autoritario2.jpg","width":1000,"height":338,"caption":"imagen por Eva Kot\u00e1tkov\u00e1"},{"@type":"BreadcrumbList","@id":"http:\/\/t-d-x.com.ar\/a\/simpatia-sonora\/#breadcrumb","itemListElement":[{"@type":"ListItem","position":1,"name":"Portada","item":"https:\/\/t-d-x.com.ar\/a\/"},{"@type":"ListItem","position":2,"name":"Simpat\u00eda sonora"}]},{"@type":"WebSite","@id":"https:\/\/t-d-x.com.ar\/a\/#website","url":"https:\/\/t-d-x.com.ar\/a\/","name":"Tr\u00e1fico de experiencias","description":"","publisher":{"@id":"https:\/\/t-d-x.com.ar\/a\/#organization"},"potentialAction":[{"@type":"SearchAction","target":{"@type":"EntryPoint","urlTemplate":"https:\/\/t-d-x.com.ar\/a\/?s={search_term_string}"},"query-input":{"@type":"PropertyValueSpecification","valueRequired":true,"valueName":"search_term_string"}}],"inLanguage":"es"},{"@type":"Organization","@id":"https:\/\/t-d-x.com.ar\/a\/#organization","name":"Tr\u00e1fico de experiencias","url":"https:\/\/t-d-x.com.ar\/a\/","logo":{"@type":"ImageObject","inLanguage":"es","@id":"https:\/\/t-d-x.com.ar\/a\/#\/schema\/logo\/image\/","url":"http:\/\/t-d-x.com.ar\/a\/wp-content\/uploads\/2014\/03\/cropped-logo1g.png","contentUrl":"http:\/\/t-d-x.com.ar\/a\/wp-content\/uploads\/2014\/03\/cropped-logo1g.png","width":1260,"height":150,"caption":"Tr\u00e1fico de experiencias"},"image":{"@id":"https:\/\/t-d-x.com.ar\/a\/#\/schema\/logo\/image\/"},"sameAs":["https:\/\/www.instagram.com\/gestioneducativaflacso"]},{"@type":"Person","@id":"https:\/\/t-d-x.com.ar\/a\/#\/schema\/person\/166b6664621c65d9755a8a49fa7f051d","name":"Clara Cardinal","image":{"@type":"ImageObject","inLanguage":"es","@id":"https:\/\/secure.gravatar.com\/avatar\/74a43f5a2491b706609180d3059d0b4269b25d859801497ec0d248fe75f37ac4?s=96&d=mm&r=g","url":"https:\/\/secure.gravatar.com\/avatar\/74a43f5a2491b706609180d3059d0b4269b25d859801497ec0d248fe75f37ac4?s=96&d=mm&r=g","contentUrl":"https:\/\/secure.gravatar.com\/avatar\/74a43f5a2491b706609180d3059d0b4269b25d859801497ec0d248fe75f37ac4?s=96&d=mm&r=g","caption":"Clara Cardinal"},"description":"Prof. de Historia y actriz. Miembro del equipo del Diploma en Gesti\u00f3n educativa y de la Especializaci\u00f3n en Gesti\u00f3n educativa de FLACO Argentina.","url":"http:\/\/t-d-x.com.ar\/a\/author\/cc\/"}]}},"_links":{"self":[{"href":"http:\/\/t-d-x.com.ar\/a\/wp-json\/wp\/v2\/posts\/97","targetHints":{"allow":["GET"]}}],"collection":[{"href":"http:\/\/t-d-x.com.ar\/a\/wp-json\/wp\/v2\/posts"}],"about":[{"href":"http:\/\/t-d-x.com.ar\/a\/wp-json\/wp\/v2\/types\/post"}],"author":[{"embeddable":true,"href":"http:\/\/t-d-x.com.ar\/a\/wp-json\/wp\/v2\/users\/9"}],"replies":[{"embeddable":true,"href":"http:\/\/t-d-x.com.ar\/a\/wp-json\/wp\/v2\/comments?post=97"}],"version-history":[{"count":0,"href":"http:\/\/t-d-x.com.ar\/a\/wp-json\/wp\/v2\/posts\/97\/revisions"}],"wp:featuredmedia":[{"embeddable":true,"href":"http:\/\/t-d-x.com.ar\/a\/wp-json\/wp\/v2\/media\/210"}],"wp:attachment":[{"href":"http:\/\/t-d-x.com.ar\/a\/wp-json\/wp\/v2\/media?parent=97"}],"wp:term":[{"taxonomy":"category","embeddable":true,"href":"http:\/\/t-d-x.com.ar\/a\/wp-json\/wp\/v2\/categories?post=97"},{"taxonomy":"post_tag","embeddable":true,"href":"http:\/\/t-d-x.com.ar\/a\/wp-json\/wp\/v2\/tags?post=97"}],"curies":[{"name":"wp","href":"https:\/\/api.w.org\/{rel}","templated":true}]}}