{"id":149,"date":"2014-04-08T23:56:19","date_gmt":"2014-04-08T23:56:19","guid":{"rendered":"http:\/\/t-d-x.com.ar\/a\/?p=149"},"modified":"2014-05-05T23:48:35","modified_gmt":"2014-05-05T23:48:35","slug":"y-por-que","status":"publish","type":"post","link":"http:\/\/t-d-x.com.ar\/a\/y-por-que\/","title":{"rendered":"\u00bfY por qu\u00e9?"},"content":{"rendered":"<p>Los ni\u00f1os peque\u00f1os pasan por una etapa, que suele ser irritante para muchos adultos, en que preguntan constantemente \u201cpor qu\u00e9\u201d, ante cada cosa que ven, cada cosa que les pasa, lanzan el inquietante\u201c\u00bfpor qu\u00e9?\u201d Y a veces a cada una de las explicaciones que con esfuerzo se les ofrece, le sigue otro porqu\u00e9 y otro\u2026 as\u00ed los porqu\u00e9s se encadenan hasta el cansancio (hay un chiste famoso de Les Luthiers que retrata esta escena).<\/p>\n<p>Pocas veces, los adultos, nos dejamos conmover por esos porqu\u00e9 y volvemos nosotros a hacernos la pregunta, cuando cre\u00edamos que ya ten\u00edamos la respuesta. Recuerdo que el hijo de un amigo le pregunt\u00f3, cuando pasaban frente a un hombre que dorm\u00eda en la calle, por qu\u00e9 ese hombre viv\u00eda ah\u00ed, mi amigo intent\u00f3 una explicaci\u00f3n sobre el injusto sistema en el que vivimos, pero el ni\u00f1o arremeti\u00f3 con \u201c\u00bfy por qu\u00e9 no lo llevamos a vivir a casa?\u201d<\/p>\n<p>\u00bfPor qu\u00e9 las cosas son como son? En principio, parece una pregunta que intenta comprender, pero con s\u00f3lo ver a un ni\u00f1o pasando por la etapa de los porqu\u00e9s, uno advierte que la pregunta es desafiante y no ingenua. Hay un poder en el porqu\u00e9, en este porqu\u00e9 que es como una gimnasia: el poder de pensar que las cosas podr\u00edan ser de otro modo siempre.<\/p>\n<p>Cuando en la reuni\u00f3n del CFP dejan la queja (que es hermana de las respuestas enraizadas) para imaginarse otras formas de ser y hacer con la limpieza, ponen en pr\u00e1ctica la gimnasia del porqu\u00e9. \u00bfPor qu\u00e9 los que limpian tienen que ser los auxiliares? \u00bfPor qu\u00e9 los que ensuciamos tenemos que ser limpiados por otros? \u00bfPor qu\u00e9 la limpieza no es un contenido m\u00e1s de los talleres? \u00bfPor qu\u00e9 la limpieza instala jerarqu\u00edas en los v\u00ednculos y por qu\u00e9 nosotros no lo cuestionamos? \u00bfPor qu\u00e9? \u00bfPor qu\u00e9&#8230;?<\/p>\n<p>\u00bfPor qu\u00e9 la escuela tiene que ser como es?<\/p>\n","protected":false},"excerpt":{"rendered":"<p>Los ni\u00f1os peque\u00f1os pasan por una etapa, que suele ser irritante para muchos adultos, en que preguntan constantemente \u201cpor qu\u00e9\u201d, ante cada cosa que ven, cada cosa que les pasa, lanzan el inquietante\u201c\u00bfpor qu\u00e9?\u201d Y a veces a cada una de las explicaciones que con esfuerzo se les ofrece, le sigue otro porqu\u00e9 y otro\u2026&#8230;  <a class=\"excerpt-read-more\" href=\"http:\/\/t-d-x.com.ar\/a\/y-por-que\/\" title=\"Read \u00bfY por qu\u00e9?\">Read more &raquo;<\/a><\/p>\n","protected":false},"author":8,"featured_media":125,"comment_status":"closed","ping_status":"open","sticky":false,"template":"","format":"standard","meta":{"_acf_changed":false,"footnotes":""},"categories":[1],"tags":[],"class_list":["post-149","post","type-post","status-publish","format-standard","has-post-thumbnail","hentry","category-sin-categoria"],"acf":[],"yoast_head":"<!-- This site is optimized with the Yoast SEO plugin v27.4 - https:\/\/yoast.com\/product\/yoast-seo-wordpress\/ -->\n<title>\u00bfY por qu\u00e9? - Tr\u00e1fico de experiencias<\/title>\n<meta name=\"robots\" content=\"index, follow, max-snippet:-1, max-image-preview:large, max-video-preview:-1\" \/>\n<link rel=\"canonical\" href=\"http:\/\/t-d-x.com.ar\/a\/y-por-que\/\" \/>\n<meta property=\"og:locale\" content=\"es_ES\" \/>\n<meta property=\"og:type\" content=\"article\" \/>\n<meta property=\"og:title\" content=\"\u00bfY por qu\u00e9? - Tr\u00e1fico de experiencias\" \/>\n<meta property=\"og:description\" content=\"Los ni\u00f1os peque\u00f1os pasan por una etapa, que suele ser irritante para muchos adultos, en que preguntan constantemente \u201cpor qu\u00e9\u201d, ante cada cosa que ven, cada cosa que les pasa, lanzan el inquietante\u201c\u00bfpor qu\u00e9?\u201d Y a veces a cada una de las explicaciones que con esfuerzo se les ofrece, le sigue otro porqu\u00e9 y otro\u2026... Read more &raquo;\" \/>\n<meta property=\"og:url\" content=\"http:\/\/t-d-x.com.ar\/a\/y-por-que\/\" \/>\n<meta property=\"og:site_name\" content=\"Tr\u00e1fico de experiencias\" \/>\n<meta property=\"article:published_time\" content=\"2014-04-08T23:56:19+00:00\" \/>\n<meta property=\"article:modified_time\" content=\"2014-05-05T23:48:35+00:00\" \/>\n<meta property=\"og:image\" content=\"http:\/\/t-d-x.com.ar\/a\/wp-content\/uploads\/2014\/03\/mugre2.jpg\" \/>\n\t<meta property=\"og:image:width\" content=\"1000\" \/>\n\t<meta property=\"og:image:height\" content=\"338\" \/>\n\t<meta property=\"og:image:type\" content=\"image\/jpeg\" \/>\n<meta name=\"author\" content=\"Elina Aguirre\" \/>\n<meta name=\"twitter:label1\" content=\"Escrito por\" \/>\n\t<meta name=\"twitter:data1\" content=\"Elina Aguirre\" \/>\n\t<meta name=\"twitter:label2\" content=\"Tiempo de lectura\" \/>\n\t<meta name=\"twitter:data2\" content=\"2 minutos\" \/>\n<script type=\"application\/ld+json\" class=\"yoast-schema-graph\">{\"@context\":\"https:\\\/\\\/schema.org\",\"@graph\":[{\"@type\":\"Article\",\"@id\":\"http:\\\/\\\/t-d-x.com.ar\\\/a\\\/y-por-que\\\/#article\",\"isPartOf\":{\"@id\":\"http:\\\/\\\/t-d-x.com.ar\\\/a\\\/y-por-que\\\/\"},\"author\":{\"name\":\"Elina Aguirre\",\"@id\":\"https:\\\/\\\/t-d-x.com.ar\\\/a\\\/#\\\/schema\\\/person\\\/90c1136010cf771a8752802cd9077acd\"},\"headline\":\"\u00bfY por qu\u00e9?\",\"datePublished\":\"2014-04-08T23:56:19+00:00\",\"dateModified\":\"2014-05-05T23:48:35+00:00\",\"mainEntityOfPage\":{\"@id\":\"http:\\\/\\\/t-d-x.com.ar\\\/a\\\/y-por-que\\\/\"},\"wordCount\":336,\"publisher\":{\"@id\":\"https:\\\/\\\/t-d-x.com.ar\\\/a\\\/#organization\"},\"image\":{\"@id\":\"http:\\\/\\\/t-d-x.com.ar\\\/a\\\/y-por-que\\\/#primaryimage\"},\"thumbnailUrl\":\"http:\\\/\\\/t-d-x.com.ar\\\/a\\\/wp-content\\\/uploads\\\/2014\\\/03\\\/mugre2.jpg\",\"inLanguage\":\"es\"},{\"@type\":\"WebPage\",\"@id\":\"http:\\\/\\\/t-d-x.com.ar\\\/a\\\/y-por-que\\\/\",\"url\":\"http:\\\/\\\/t-d-x.com.ar\\\/a\\\/y-por-que\\\/\",\"name\":\"\u00bfY por qu\u00e9? - Tr\u00e1fico de experiencias\",\"isPartOf\":{\"@id\":\"https:\\\/\\\/t-d-x.com.ar\\\/a\\\/#website\"},\"primaryImageOfPage\":{\"@id\":\"http:\\\/\\\/t-d-x.com.ar\\\/a\\\/y-por-que\\\/#primaryimage\"},\"image\":{\"@id\":\"http:\\\/\\\/t-d-x.com.ar\\\/a\\\/y-por-que\\\/#primaryimage\"},\"thumbnailUrl\":\"http:\\\/\\\/t-d-x.com.ar\\\/a\\\/wp-content\\\/uploads\\\/2014\\\/03\\\/mugre2.jpg\",\"datePublished\":\"2014-04-08T23:56:19+00:00\",\"dateModified\":\"2014-05-05T23:48:35+00:00\",\"breadcrumb\":{\"@id\":\"http:\\\/\\\/t-d-x.com.ar\\\/a\\\/y-por-que\\\/#breadcrumb\"},\"inLanguage\":\"es\",\"potentialAction\":[{\"@type\":\"ReadAction\",\"target\":[\"http:\\\/\\\/t-d-x.com.ar\\\/a\\\/y-por-que\\\/\"]}]},{\"@type\":\"ImageObject\",\"inLanguage\":\"es\",\"@id\":\"http:\\\/\\\/t-d-x.com.ar\\\/a\\\/y-por-que\\\/#primaryimage\",\"url\":\"http:\\\/\\\/t-d-x.com.ar\\\/a\\\/wp-content\\\/uploads\\\/2014\\\/03\\\/mugre2.jpg\",\"contentUrl\":\"http:\\\/\\\/t-d-x.com.ar\\\/a\\\/wp-content\\\/uploads\\\/2014\\\/03\\\/mugre2.jpg\",\"width\":1000,\"height\":338,\"caption\":\"imagen por Antoni Muntadas\"},{\"@type\":\"BreadcrumbList\",\"@id\":\"http:\\\/\\\/t-d-x.com.ar\\\/a\\\/y-por-que\\\/#breadcrumb\",\"itemListElement\":[{\"@type\":\"ListItem\",\"position\":1,\"name\":\"Portada\",\"item\":\"https:\\\/\\\/t-d-x.com.ar\\\/a\\\/\"},{\"@type\":\"ListItem\",\"position\":2,\"name\":\"\u00bfY por qu\u00e9?\"}]},{\"@type\":\"WebSite\",\"@id\":\"https:\\\/\\\/t-d-x.com.ar\\\/a\\\/#website\",\"url\":\"https:\\\/\\\/t-d-x.com.ar\\\/a\\\/\",\"name\":\"Tr\u00e1fico de experiencias\",\"description\":\"\",\"publisher\":{\"@id\":\"https:\\\/\\\/t-d-x.com.ar\\\/a\\\/#organization\"},\"potentialAction\":[{\"@type\":\"SearchAction\",\"target\":{\"@type\":\"EntryPoint\",\"urlTemplate\":\"https:\\\/\\\/t-d-x.com.ar\\\/a\\\/?s={search_term_string}\"},\"query-input\":{\"@type\":\"PropertyValueSpecification\",\"valueRequired\":true,\"valueName\":\"search_term_string\"}}],\"inLanguage\":\"es\"},{\"@type\":\"Organization\",\"@id\":\"https:\\\/\\\/t-d-x.com.ar\\\/a\\\/#organization\",\"name\":\"Tr\u00e1fico de experiencias\",\"url\":\"https:\\\/\\\/t-d-x.com.ar\\\/a\\\/\",\"logo\":{\"@type\":\"ImageObject\",\"inLanguage\":\"es\",\"@id\":\"https:\\\/\\\/t-d-x.com.ar\\\/a\\\/#\\\/schema\\\/logo\\\/image\\\/\",\"url\":\"http:\\\/\\\/t-d-x.com.ar\\\/a\\\/wp-content\\\/uploads\\\/2014\\\/03\\\/cropped-logo1g.png\",\"contentUrl\":\"http:\\\/\\\/t-d-x.com.ar\\\/a\\\/wp-content\\\/uploads\\\/2014\\\/03\\\/cropped-logo1g.png\",\"width\":1260,\"height\":150,\"caption\":\"Tr\u00e1fico de experiencias\"},\"image\":{\"@id\":\"https:\\\/\\\/t-d-x.com.ar\\\/a\\\/#\\\/schema\\\/logo\\\/image\\\/\"},\"sameAs\":[\"https:\\\/\\\/www.instagram.com\\\/gestioneducativaflacso\"]},{\"@type\":\"Person\",\"@id\":\"https:\\\/\\\/t-d-x.com.ar\\\/a\\\/#\\\/schema\\\/person\\\/90c1136010cf771a8752802cd9077acd\",\"name\":\"Elina Aguirre\",\"image\":{\"@type\":\"ImageObject\",\"inLanguage\":\"es\",\"@id\":\"https:\\\/\\\/secure.gravatar.com\\\/avatar\\\/beeeadda9d94ff822ff2478055283d12ec88d69ff92e4491ea0e691502059570?s=96&d=mm&r=g\",\"url\":\"https:\\\/\\\/secure.gravatar.com\\\/avatar\\\/beeeadda9d94ff822ff2478055283d12ec88d69ff92e4491ea0e691502059570?s=96&d=mm&r=g\",\"contentUrl\":\"https:\\\/\\\/secure.gravatar.com\\\/avatar\\\/beeeadda9d94ff822ff2478055283d12ec88d69ff92e4491ea0e691502059570?s=96&d=mm&r=g\",\"caption\":\"Elina Aguirre\"},\"description\":\"Lic. En Psicolog\u00eda. Miembro del equipo de la Especializaci\u00f3n en Gesti\u00f3n Educativa de FLACSO Argentina\",\"url\":\"http:\\\/\\\/t-d-x.com.ar\\\/a\\\/author\\\/ea\\\/\"}]}<\/script>\n<!-- \/ Yoast SEO plugin. -->","yoast_head_json":{"title":"\u00bfY por qu\u00e9? - Tr\u00e1fico de experiencias","robots":{"index":"index","follow":"follow","max-snippet":"max-snippet:-1","max-image-preview":"max-image-preview:large","max-video-preview":"max-video-preview:-1"},"canonical":"http:\/\/t-d-x.com.ar\/a\/y-por-que\/","og_locale":"es_ES","og_type":"article","og_title":"\u00bfY por qu\u00e9? - Tr\u00e1fico de experiencias","og_description":"Los ni\u00f1os peque\u00f1os pasan por una etapa, que suele ser irritante para muchos adultos, en que preguntan constantemente \u201cpor qu\u00e9\u201d, ante cada cosa que ven, cada cosa que les pasa, lanzan el inquietante\u201c\u00bfpor qu\u00e9?\u201d Y a veces a cada una de las explicaciones que con esfuerzo se les ofrece, le sigue otro porqu\u00e9 y otro\u2026... Read more &raquo;","og_url":"http:\/\/t-d-x.com.ar\/a\/y-por-que\/","og_site_name":"Tr\u00e1fico de experiencias","article_published_time":"2014-04-08T23:56:19+00:00","article_modified_time":"2014-05-05T23:48:35+00:00","og_image":[{"width":1000,"height":338,"url":"http:\/\/t-d-x.com.ar\/a\/wp-content\/uploads\/2014\/03\/mugre2.jpg","type":"image\/jpeg"}],"author":"Elina Aguirre","twitter_misc":{"Escrito por":"Elina Aguirre","Tiempo de lectura":"2 minutos"},"schema":{"@context":"https:\/\/schema.org","@graph":[{"@type":"Article","@id":"http:\/\/t-d-x.com.ar\/a\/y-por-que\/#article","isPartOf":{"@id":"http:\/\/t-d-x.com.ar\/a\/y-por-que\/"},"author":{"name":"Elina Aguirre","@id":"https:\/\/t-d-x.com.ar\/a\/#\/schema\/person\/90c1136010cf771a8752802cd9077acd"},"headline":"\u00bfY por qu\u00e9?","datePublished":"2014-04-08T23:56:19+00:00","dateModified":"2014-05-05T23:48:35+00:00","mainEntityOfPage":{"@id":"http:\/\/t-d-x.com.ar\/a\/y-por-que\/"},"wordCount":336,"publisher":{"@id":"https:\/\/t-d-x.com.ar\/a\/#organization"},"image":{"@id":"http:\/\/t-d-x.com.ar\/a\/y-por-que\/#primaryimage"},"thumbnailUrl":"http:\/\/t-d-x.com.ar\/a\/wp-content\/uploads\/2014\/03\/mugre2.jpg","inLanguage":"es"},{"@type":"WebPage","@id":"http:\/\/t-d-x.com.ar\/a\/y-por-que\/","url":"http:\/\/t-d-x.com.ar\/a\/y-por-que\/","name":"\u00bfY por qu\u00e9? - Tr\u00e1fico de experiencias","isPartOf":{"@id":"https:\/\/t-d-x.com.ar\/a\/#website"},"primaryImageOfPage":{"@id":"http:\/\/t-d-x.com.ar\/a\/y-por-que\/#primaryimage"},"image":{"@id":"http:\/\/t-d-x.com.ar\/a\/y-por-que\/#primaryimage"},"thumbnailUrl":"http:\/\/t-d-x.com.ar\/a\/wp-content\/uploads\/2014\/03\/mugre2.jpg","datePublished":"2014-04-08T23:56:19+00:00","dateModified":"2014-05-05T23:48:35+00:00","breadcrumb":{"@id":"http:\/\/t-d-x.com.ar\/a\/y-por-que\/#breadcrumb"},"inLanguage":"es","potentialAction":[{"@type":"ReadAction","target":["http:\/\/t-d-x.com.ar\/a\/y-por-que\/"]}]},{"@type":"ImageObject","inLanguage":"es","@id":"http:\/\/t-d-x.com.ar\/a\/y-por-que\/#primaryimage","url":"http:\/\/t-d-x.com.ar\/a\/wp-content\/uploads\/2014\/03\/mugre2.jpg","contentUrl":"http:\/\/t-d-x.com.ar\/a\/wp-content\/uploads\/2014\/03\/mugre2.jpg","width":1000,"height":338,"caption":"imagen por Antoni Muntadas"},{"@type":"BreadcrumbList","@id":"http:\/\/t-d-x.com.ar\/a\/y-por-que\/#breadcrumb","itemListElement":[{"@type":"ListItem","position":1,"name":"Portada","item":"https:\/\/t-d-x.com.ar\/a\/"},{"@type":"ListItem","position":2,"name":"\u00bfY por qu\u00e9?"}]},{"@type":"WebSite","@id":"https:\/\/t-d-x.com.ar\/a\/#website","url":"https:\/\/t-d-x.com.ar\/a\/","name":"Tr\u00e1fico de experiencias","description":"","publisher":{"@id":"https:\/\/t-d-x.com.ar\/a\/#organization"},"potentialAction":[{"@type":"SearchAction","target":{"@type":"EntryPoint","urlTemplate":"https:\/\/t-d-x.com.ar\/a\/?s={search_term_string}"},"query-input":{"@type":"PropertyValueSpecification","valueRequired":true,"valueName":"search_term_string"}}],"inLanguage":"es"},{"@type":"Organization","@id":"https:\/\/t-d-x.com.ar\/a\/#organization","name":"Tr\u00e1fico de experiencias","url":"https:\/\/t-d-x.com.ar\/a\/","logo":{"@type":"ImageObject","inLanguage":"es","@id":"https:\/\/t-d-x.com.ar\/a\/#\/schema\/logo\/image\/","url":"http:\/\/t-d-x.com.ar\/a\/wp-content\/uploads\/2014\/03\/cropped-logo1g.png","contentUrl":"http:\/\/t-d-x.com.ar\/a\/wp-content\/uploads\/2014\/03\/cropped-logo1g.png","width":1260,"height":150,"caption":"Tr\u00e1fico de experiencias"},"image":{"@id":"https:\/\/t-d-x.com.ar\/a\/#\/schema\/logo\/image\/"},"sameAs":["https:\/\/www.instagram.com\/gestioneducativaflacso"]},{"@type":"Person","@id":"https:\/\/t-d-x.com.ar\/a\/#\/schema\/person\/90c1136010cf771a8752802cd9077acd","name":"Elina Aguirre","image":{"@type":"ImageObject","inLanguage":"es","@id":"https:\/\/secure.gravatar.com\/avatar\/beeeadda9d94ff822ff2478055283d12ec88d69ff92e4491ea0e691502059570?s=96&d=mm&r=g","url":"https:\/\/secure.gravatar.com\/avatar\/beeeadda9d94ff822ff2478055283d12ec88d69ff92e4491ea0e691502059570?s=96&d=mm&r=g","contentUrl":"https:\/\/secure.gravatar.com\/avatar\/beeeadda9d94ff822ff2478055283d12ec88d69ff92e4491ea0e691502059570?s=96&d=mm&r=g","caption":"Elina Aguirre"},"description":"Lic. En Psicolog\u00eda. Miembro del equipo de la Especializaci\u00f3n en Gesti\u00f3n Educativa de FLACSO Argentina","url":"http:\/\/t-d-x.com.ar\/a\/author\/ea\/"}]}},"_links":{"self":[{"href":"http:\/\/t-d-x.com.ar\/a\/wp-json\/wp\/v2\/posts\/149","targetHints":{"allow":["GET"]}}],"collection":[{"href":"http:\/\/t-d-x.com.ar\/a\/wp-json\/wp\/v2\/posts"}],"about":[{"href":"http:\/\/t-d-x.com.ar\/a\/wp-json\/wp\/v2\/types\/post"}],"author":[{"embeddable":true,"href":"http:\/\/t-d-x.com.ar\/a\/wp-json\/wp\/v2\/users\/8"}],"replies":[{"embeddable":true,"href":"http:\/\/t-d-x.com.ar\/a\/wp-json\/wp\/v2\/comments?post=149"}],"version-history":[{"count":0,"href":"http:\/\/t-d-x.com.ar\/a\/wp-json\/wp\/v2\/posts\/149\/revisions"}],"wp:featuredmedia":[{"embeddable":true,"href":"http:\/\/t-d-x.com.ar\/a\/wp-json\/wp\/v2\/media\/125"}],"wp:attachment":[{"href":"http:\/\/t-d-x.com.ar\/a\/wp-json\/wp\/v2\/media?parent=149"}],"wp:term":[{"taxonomy":"category","embeddable":true,"href":"http:\/\/t-d-x.com.ar\/a\/wp-json\/wp\/v2\/categories?post=149"},{"taxonomy":"post_tag","embeddable":true,"href":"http:\/\/t-d-x.com.ar\/a\/wp-json\/wp\/v2\/tags?post=149"}],"curies":[{"name":"wp","href":"https:\/\/api.w.org\/{rel}","templated":true}]}}